


{"id":11946,"date":"2025-05-23T15:16:44","date_gmt":"2025-05-23T15:16:44","guid":{"rendered":"https:\/\/polititzacionsdelmalestar.org\/?p=11946"},"modified":"2025-05-23T15:14:39","modified_gmt":"2025-05-23T15:14:39","slug":"arantza-labuena","status":"publish","type":"post","link":"https:\/\/polititzacionsdelmalestar.org\/es\/arantza-labuena\/","title":{"rendered":"Labuena, Arantza"},"content":{"rendered":"<div id=\"pl-11946\"  class=\"panel-layout\" ><div id=\"pg-11946-0\"  class=\"panel-grid panel-no-style\" ><div id=\"pgc-11946-0-0\"  class=\"panel-grid-cell\" ><div id=\"panel-11946-0-0-0\" class=\"so-panel widget widget_sow-editor panel-first-child panel-last-child\" data-index=\"0\" ><div class=\"panel-widget-style panel-widget-style-for-11946-0-0-0\" ><div\n\t\t\t\n\t\t\tclass=\"so-widget-sow-editor so-widget-sow-editor-base\"\n\t\t\t\n\t\t>\n<div class=\"siteorigin-widget-tinymce textwidget\">\n\t<p style=\"text-align: center;\"><strong>Relatos para deconstruir la violencia machista desde la Historia del arte<\/strong><\/p>\n<\/div>\n<\/div><\/div><\/div><\/div><\/div><div id=\"pg-11946-1\"  class=\"panel-grid panel-no-style\" ><div id=\"pgc-11946-1-0\"  class=\"panel-grid-cell\" ><div id=\"panel-11946-1-0-0\" class=\"so-panel widget widget_sow-editor panel-first-child panel-last-child\" data-index=\"1\" ><div\n\t\t\t\n\t\t\tclass=\"so-widget-sow-editor so-widget-sow-editor-base\"\n\t\t\t\n\t\t><h3 class=\"widget-title\">Arantza Labuena<\/h3>\n<div class=\"siteorigin-widget-tinymce textwidget\">\n\t<div class=\"siteorigin-widget-tinymce textwidget\">\n<div class=\"siteorigin-widget-tinymce textwidget\"><\/div>\n<p>&nbsp;<\/p>\n<h5><a href=\"https:\/\/polititzacionsdelmalestar.org\/es\/la-dona-del-sac-el-pes-de-la-historia\/\">La dona del sac. El pes de la hist\u00f2ria.\u00a0<\/a><\/h5>\n<div><span lang=\"CA\">2009<\/span><\/div>\n<h3>Arantza Labuena<\/h3>\n<p style=\"font-weight: 400;\">Arantza L\u00f3pez Medina\u00a0(Barcelona, 1975) \u00e9s una artista esc\u00e8nica multidisciplin\u00e0ria, dramaturga, ballarina i directora. Fundadora de\u00a0Labuena Compa\u00f1\u00eda, ha desenvolupat una traject\u00f2ria marcada per la cru\u00eflla entre la creaci\u00f3 art\u00edstica, la pedagogia i el comprom\u00eds social i feminista. \u00c9s diplomada en Magisteri amb especialitat en Educaci\u00f3 Especial, postgraduada en Migraci\u00f3 i Minories, i t\u00e9 un m\u00e0ster en Dansa Moviment Ter\u00e0pia.<\/p>\n<p style=\"font-weight: 400;\">Des de 1996 ha treballat en projectes que utilitzen la dansa com a eina d\u2019inclusi\u00f3 social en escoles i entitats culturals com\u00a0Sudansa,\u00a0Apropa Cultura,\u00a0Tots Dansen\u00a0o\u00a0Labranza Kids. Com a int\u00e8rpret i creadora, ha col\u00b7laborat amb artistes com\u00a0Jordi Cort\u00e9s,\u00a0Constanza Brncic,\u00a0Susanna Kempster,\u00a0Meagan O\u2019Shea\u00a0i\u00a0Vero Cendoya.<\/p>\n<p style=\"font-weight: 400;\">Amb\u00a0Labuena Compa\u00f1\u00eda, ha creat peces com\u00a0<em>Osos en el agua<\/em>\u00a0(2014),\u00a0<em>La mujer del saco<\/em>\u00a0(2016) o el projecte comunitari\u00a0<em>La Bugada<\/em>\u00a0(2018), amb el qual va ser nominada als Premis de la Dansa de Catalunya el 2020.<\/p>\n<p style=\"font-weight: 400;\">Tamb\u00e9 ha exercit com a assessora esc\u00e8nica i dramaturga en produccions de\u00a0Les Impuxibles,\u00a0Reinaldo Ribeiro,\u00a0Las Due\u00f1as del Bal\u00f3n\u00a0o el\u00a0Prost\u00edbulo Po\u00e9tico, a m\u00e9s de dirigir esdeveniments com l\u2019acte inaugural del Memorial de la Pres\u00f3 de Dones de Les Corts. L\u2019any 2021 va comissariar l\u2019exposici\u00f3 audiovisual\u00a0<em>Un Castell Propi<\/em>\u00a0al Castell de Montju\u00efc i, actualment, treballa en noves propostes que combinen cos, text, m\u00fasica i cr\u00edtica social<\/p>\n<p><a href=\"https:\/\/www.arantzalabuena.com\/es\/\"> Web oficial Arantza Labuena<\/a><\/p>\n<\/div>\n<\/div>\n<\/div><\/div><\/div><div id=\"pgc-11946-1-1\"  class=\"panel-grid-cell\" ><div id=\"panel-11946-1-1-0\" class=\"so-panel widget widget_sow-editor panel-first-child panel-last-child\" data-index=\"2\" ><div\n\t\t\t\n\t\t\tclass=\"so-widget-sow-editor so-widget-sow-editor-base\"\n\t\t\t\n\t\t>\n<div class=\"siteorigin-widget-tinymce textwidget\">\n\t<\/div>\n<\/div><\/div><\/div><\/div><\/div>","protected":false},"excerpt":{"rendered":"<h5><a href=\"https:\/\/polititzacionsdelmalestar.org\/es\/arantza-labuena\/\">Arantza Labuena<\/a><\/h5>\n<p>2015<\/p>\n<h3><a href=\"https:\/\/polititzacionsdelmalestar.org\/es\/la-dona-del-sac-el-pes-de-la-historia\/\">La dona del sac. El pes de la hist\u00f2ria.<\/a><\/h3>\n","protected":false},"author":6,"featured_media":0,"comment_status":"closed","ping_status":"closed","sticky":false,"template":"","format":"standard","meta":{"footnotes":""},"categories":[206],"tags":[],"class_list":["post-11946","post","type-post","status-publish","format-standard","hentry","category-autoresarxiu-es"],"_links":{"self":[{"href":"https:\/\/polititzacionsdelmalestar.org\/es\/wp-json\/wp\/v2\/posts\/11946","targetHints":{"allow":["GET"]}}],"collection":[{"href":"https:\/\/polititzacionsdelmalestar.org\/es\/wp-json\/wp\/v2\/posts"}],"about":[{"href":"https:\/\/polititzacionsdelmalestar.org\/es\/wp-json\/wp\/v2\/types\/post"}],"author":[{"embeddable":true,"href":"https:\/\/polititzacionsdelmalestar.org\/es\/wp-json\/wp\/v2\/users\/6"}],"replies":[{"embeddable":true,"href":"https:\/\/polititzacionsdelmalestar.org\/es\/wp-json\/wp\/v2\/comments?post=11946"}],"version-history":[{"count":3,"href":"https:\/\/polititzacionsdelmalestar.org\/es\/wp-json\/wp\/v2\/posts\/11946\/revisions"}],"predecessor-version":[{"id":11955,"href":"https:\/\/polititzacionsdelmalestar.org\/es\/wp-json\/wp\/v2\/posts\/11946\/revisions\/11955"}],"wp:attachment":[{"href":"https:\/\/polititzacionsdelmalestar.org\/es\/wp-json\/wp\/v2\/media?parent=11946"}],"wp:term":[{"taxonomy":"category","embeddable":true,"href":"https:\/\/polititzacionsdelmalestar.org\/es\/wp-json\/wp\/v2\/categories?post=11946"},{"taxonomy":"post_tag","embeddable":true,"href":"https:\/\/polititzacionsdelmalestar.org\/es\/wp-json\/wp\/v2\/tags?post=11946"}],"curies":[{"name":"wp","href":"https:\/\/api.w.org\/{rel}","templated":true}]}}