


{"id":11868,"date":"2025-01-14T16:34:46","date_gmt":"2025-01-14T16:34:46","guid":{"rendered":"https:\/\/polititzacionsdelmalestar.org\/hermafroditas-a-caballo-o-la-rebelion-del-deseo\/"},"modified":"2025-01-16T17:18:52","modified_gmt":"2025-01-16T17:18:52","slug":"hermafroditas-a-caballo-o-la-rebelion-del-deseo","status":"publish","type":"post","link":"https:\/\/polititzacionsdelmalestar.org\/es\/hermafroditas-a-caballo-o-la-rebelion-del-deseo\/","title":{"rendered":"Hermafroditas a caballo o la rebeli\u00f3n del deseo"},"content":{"rendered":"<div id=\"pl-11868\"  class=\"panel-layout\" ><div id=\"pg-11868-0\"  class=\"panel-grid panel-no-style\" ><div id=\"pgc-11868-0-0\"  class=\"panel-grid-cell\" ><div id=\"panel-11868-0-0-0\" class=\"so-panel widget widget_sow-editor panel-first-child\" data-index=\"0\" ><div class=\"panel-widget-style panel-widget-style-for-11868-0-0-0\" ><div\n\t\t\t\n\t\t\tclass=\"so-widget-sow-editor so-widget-sow-editor-base\"\n\t\t\t\n\t\t>\n<div class=\"siteorigin-widget-tinymce textwidget\">\n\t<p style=\"text-align: center;\"><strong>Relatos para deconstruir la violencia machista desde la Historia del arte<\/strong><\/p>\n<\/div>\n<\/div><\/div><\/div><div id=\"panel-11868-0-0-1\" class=\"so-panel widget widget_virtue_gallery_widget virtue_gallery_widget\" data-index=\"1\" ><h3 class=\"widget-title\">Hermafroditas a caballo o la rebeli\u00f3n del deseo<\/h3><div id=\"kad-wp-gallery63\" class=\"kad-wp-gallery gallery kt-gallery-column-1 init-isotope-intrinsic reinit-isotope kad-light-wp-gallery clearfix rowtight\" data-fade-in=\"1\" data-iso-selector=\".g_item\" data-iso-style=\"masonry\" data-iso-filter=\"false\"><div class=\"tcol-lg-12 tcol-md-12 tcol-sm-12 tcol-xs-12 tcol-ss-12 g_item\"><div class=\"grid_item kt_item_fade_in kad_gallery_fade_in gallery_item\"><a href=\"https:\/\/polititzacionsdelmalestar.org\/wp-content\/uploads\/2025\/01\/Figura-1.jpg\" data-rel=\"lightbox\" class=\"lightboxhover\"><div class=\"kt-intrinsic\" style=\"padding-bottom:100%;\"><div itemprop=\"image\" itemscope itemtype=\"https:\/\/schema.org\/ImageObject\"><img loading=\"lazy\" decoding=\"async\" width=\"560\" height=\"560\" src=\"https:\/\/polititzacionsdelmalestar.org\/wp-content\/uploads\/2025\/01\/Figura-1-560x560.jpg\" srcset=\"https:\/\/polititzacionsdelmalestar.org\/wp-content\/uploads\/2025\/01\/Figura-1-560x560.jpg 560w, https:\/\/polititzacionsdelmalestar.org\/wp-content\/uploads\/2025\/01\/Figura-1-150x150.jpg 150w, https:\/\/polititzacionsdelmalestar.org\/wp-content\/uploads\/2025\/01\/Figura-1-1120x1120.jpg 1120w\" sizes=\"auto, (max-width: 560px) 100vw, 560px\" data-caption=\"\" class=\"light-dropshaddow\" itemprop=\"contentUrl\" alt=\"\"><meta itemprop=\"url\" content=\"https:\/\/polititzacionsdelmalestar.org\/wp-content\/uploads\/2025\/01\/Figura-1-560x560.jpg\"><meta itemprop=\"width\" content=\"560px\"><meta itemprop=\"height\" content=\"560px\"><\/div><\/div><\/a><\/div><\/div><\/div><\/div><div id=\"panel-11868-0-0-2\" class=\"so-panel widget widget_sow-editor panel-last-child\" data-index=\"2\" ><div\n\t\t\t\n\t\t\tclass=\"so-widget-sow-editor so-widget-sow-editor-base\"\n\t\t\t\n\t\t>\n<div class=\"siteorigin-widget-tinymce textwidget\">\n\t<div><span lang=\"CA\">Fecha de estreno: septiembre de 2021<\/span><\/div>\n<div><\/div>\n<p style=\"font-weight: 400;\">La hermafrodita a caballo no es ninguna guerrera, es una amante. Una amante capaz de reclutar cuerpos hasta ahora impensables y, por tanto, imposibles de desear. Una amante capaz de reclutar una horda de anatom\u00edas intersex con una misi\u00f3n: revolucionar la propia idea de orden social y transformarlo.<\/p>\n<p style=\"font-weight: 400;\">Con herramientas del teatro documental, la performance, el cuento de ciencia ficci\u00f3n y el freak show, <em>Hermafroditas a caballo o la rebeli\u00f3n<\/em> <em>del deseo<\/em> habla de la vivencia de las intersexualidades en primera persona y propone la fundaci\u00f3n de un nuevo orden alejado de los esquemas r\u00edgidamente duales que hemos heredado.<\/p>\n<p style=\"font-weight: 400;\"><em style=\"font-weight: 400;\">Hermafroditas a caballo o la rebeli\u00f3n del deseo<\/em> <span style=\"font-weight: 400;\">es un cuento a veces inquietante y a veces estridente, siempre emocionante, que rastrea la evoluci\u00f3n del mito de la hermafrodita desde la leyenda arcaica hasta las personas que lo encarnan en la actualidad, y que explica c\u00f3mo cambia la historia cuando nos hacemos las narradoras de nuestra propia diferencia.<\/span><\/p>\n<p>&nbsp;<\/p>\n<p style=\"font-weight: 400;\"><strong>Recorrido del proyecto. \u00bfD\u00f3nde se encuentra la obra?<\/strong><\/p>\n<p><span style=\"font-weight: 400;\">Estreno: Fira T\u00e0rrega, 10 y 11 de septiembre de 2021. Gira: Teatro Tantarantana, Barcelona, \u200b\u200bdel 12 de enero al 4 de febrero de 2024 y del 12 de diciembre de 2024 al 4 de enero de 2025.<\/span><\/p>\n<p><span style=\"font-weight: 400;\">Festival Grec, Teatro Tantarantana, Barcelona, \u200b\u200bdel 6 al 10 de julio de 2022.<\/span><\/p>\n<p><span style=\"font-weight: 400;\">Teatro Cal Bolet de Vilafranca, 29 de noviembre de 2024.<\/span><\/p>\n<p><span style=\"font-weight: 400;\">Teatro Be\u00f1at Extepare de Vitoria-Gasteiz el 23 de noviembre de 2024.<\/span><\/p>\n<p><span style=\"font-weight: 400;\">Teatro Can Palots de Canovelles el 8 de noviembre de 2024.<\/span><\/p>\n<p><span style=\"font-weight: 400;\">Teatro de Sant Quirze del Vall\u00e9s el 26 de octubre de 2024.<\/span><\/p>\n<p><span style=\"font-weight: 400;\">Escena Poblenou, Centro la Moral de Poblenou el 20 de octubre de 2024.<\/span><\/p>\n<p><span style=\"font-weight: 400;\">Teatro de Lloret, 11 de mayo de 2024.<\/span><\/p>\n<p><span style=\"font-weight: 400;\">Teatro Principal de Olot, octubre de 2022.<\/span><\/p>\n<p><span style=\"font-weight: 400;\">Atrium Viladecans, noviembre de 2022.<\/span><\/p>\n<p><span style=\"font-weight: 400;\">Ateneo Popular 9barris, noviembre de 2022.<\/span><\/p>\n<p><span style=\"font-weight: 400;\">Centro Cultural la Merc\u00e8 de Girona, febrero de 2023.<\/span><\/p>\n<p><span style=\"font-weight: 400;\">Escuela Navarra de Teatro, Pamplona, \u200b\u200bnoviembre de 2021. <\/span><\/p>\n<p><span style=\"font-weight: 400;\">La obra ha sido galardonada con el premio a la mejor obra en la categor\u00eda de Nuevas Tendencias, otorgado en la edici\u00f3n XXIV Premios de la Cr\u00edtica de las Artes Esc\u00e9nicas. <\/span><\/p>\n<\/div>\n<\/div><\/div><\/div><div id=\"pgc-11868-0-1\"  class=\"panel-grid-cell\" ><div id=\"panel-11868-0-1-0\" class=\"so-panel widget widget_sow-editor panel-first-child\" data-index=\"3\" ><div\n\t\t\t\n\t\t\tclass=\"so-widget-sow-editor so-widget-sow-editor-base\"\n\t\t\t\n\t\t>\n<div class=\"siteorigin-widget-tinymce textwidget\">\n\t<\/div>\n<\/div><\/div><div id=\"panel-11868-0-1-1\" class=\"so-panel widget widget_sow-editor\" data-index=\"4\" ><div\n\t\t\t\n\t\t\tclass=\"so-widget-sow-editor so-widget-sow-editor-base\"\n\t\t\t\n\t\t>\n<div class=\"siteorigin-widget-tinymce textwidget\">\n\t<p>&nbsp;<\/p>\n<p style=\"font-weight: 400;\"><a href=\"https:\/\/polititzacionsdelmalestar.org\/es\/colectivo-que-no-salga-de-aqui\/\"><strong>Colectivo Que no salga de aqu\u00ed<\/strong><\/a><\/p>\n<h4>Documentos media<\/h4>\n<div>\n<div><span lang=\"CA\"><a href=\"https:\/\/drive.google.com\/file\/d\/1u08OskJAR0wmqbe2Pcp7SUrOW5PNHduH\/view\">Dossier de Hermafroditas a caballo o la rebeli\u00f3n del deseo<\/a><\/span><\/div>\n<\/div>\n<div><\/div>\n<h4>Fotos del proyecto<\/h4>\n<\/div>\n<\/div><\/div><div id=\"panel-11868-0-1-2\" class=\"so-panel widget widget_virtue_gallery_widget virtue_gallery_widget panel-last-child\" data-index=\"5\" ><div id=\"kad-wp-gallery647\" class=\"kad-wp-gallery gallery kt-gallery-column-1 init-isotope-intrinsic reinit-isotope kad-light-wp-gallery clearfix rowtight\" data-fade-in=\"1\" data-iso-selector=\".g_item\" data-iso-style=\"masonry\" data-iso-filter=\"false\"><div class=\"tcol-lg-12 tcol-md-12 tcol-sm-12 tcol-xs-12 tcol-ss-12 g_item\"><div class=\"grid_item kt_item_fade_in kad_gallery_fade_in gallery_item\"><a href=\"https:\/\/polititzacionsdelmalestar.org\/wp-content\/uploads\/2025\/01\/Figura-6.jpg\" data-rel=\"lightbox\" class=\"lightboxhover\"><div class=\"kt-intrinsic\" style=\"padding-bottom:100%;\"><div itemprop=\"image\" itemscope itemtype=\"https:\/\/schema.org\/ImageObject\"><img loading=\"lazy\" decoding=\"async\" width=\"560\" height=\"560\" src=\"https:\/\/polititzacionsdelmalestar.org\/wp-content\/uploads\/2025\/01\/Figura-6-560x560.jpg\" srcset=\"https:\/\/polititzacionsdelmalestar.org\/wp-content\/uploads\/2025\/01\/Figura-6-560x560.jpg 560w, https:\/\/polititzacionsdelmalestar.org\/wp-content\/uploads\/2025\/01\/Figura-6-150x150.jpg 150w\" sizes=\"auto, (max-width: 560px) 100vw, 560px\" data-caption=\"\" class=\"light-dropshaddow\" itemprop=\"contentUrl\" alt=\"\"><meta itemprop=\"url\" content=\"https:\/\/polititzacionsdelmalestar.org\/wp-content\/uploads\/2025\/01\/Figura-6-560x560.jpg\"><meta itemprop=\"width\" content=\"560px\"><meta itemprop=\"height\" content=\"560px\"><\/div><\/div><\/a><\/div><\/div><div class=\"tcol-lg-12 tcol-md-12 tcol-sm-12 tcol-xs-12 tcol-ss-12 g_item\"><div class=\"grid_item kt_item_fade_in kad_gallery_fade_in gallery_item\"><a href=\"https:\/\/polititzacionsdelmalestar.org\/wp-content\/uploads\/2025\/01\/Figura-5.jpg\" data-rel=\"lightbox\" class=\"lightboxhover\"><div class=\"kt-intrinsic\" style=\"padding-bottom:100%;\"><div itemprop=\"image\" itemscope itemtype=\"https:\/\/schema.org\/ImageObject\"><img loading=\"lazy\" decoding=\"async\" width=\"560\" height=\"560\" src=\"https:\/\/polititzacionsdelmalestar.org\/wp-content\/uploads\/2025\/01\/Figura-5-560x560.jpg\" srcset=\"https:\/\/polititzacionsdelmalestar.org\/wp-content\/uploads\/2025\/01\/Figura-5-560x560.jpg 560w, https:\/\/polititzacionsdelmalestar.org\/wp-content\/uploads\/2025\/01\/Figura-5-150x150.jpg 150w\" sizes=\"auto, (max-width: 560px) 100vw, 560px\" data-caption=\"\" class=\"light-dropshaddow\" itemprop=\"contentUrl\" alt=\"\"><meta itemprop=\"url\" content=\"https:\/\/polititzacionsdelmalestar.org\/wp-content\/uploads\/2025\/01\/Figura-5-560x560.jpg\"><meta itemprop=\"width\" content=\"560px\"><meta itemprop=\"height\" content=\"560px\"><\/div><\/div><\/a><\/div><\/div><div class=\"tcol-lg-12 tcol-md-12 tcol-sm-12 tcol-xs-12 tcol-ss-12 g_item\"><div class=\"grid_item kt_item_fade_in kad_gallery_fade_in gallery_item\"><a href=\"https:\/\/polititzacionsdelmalestar.org\/wp-content\/uploads\/2025\/01\/Figura-4.jpg\" data-rel=\"lightbox\" class=\"lightboxhover\"><div class=\"kt-intrinsic\" style=\"padding-bottom:100%;\"><div itemprop=\"image\" itemscope itemtype=\"https:\/\/schema.org\/ImageObject\"><img loading=\"lazy\" decoding=\"async\" width=\"560\" height=\"560\" src=\"https:\/\/polititzacionsdelmalestar.org\/wp-content\/uploads\/2025\/01\/Figura-4-560x560.jpg\" srcset=\"https:\/\/polititzacionsdelmalestar.org\/wp-content\/uploads\/2025\/01\/Figura-4-560x560.jpg 560w, https:\/\/polititzacionsdelmalestar.org\/wp-content\/uploads\/2025\/01\/Figura-4-150x150.jpg 150w\" sizes=\"auto, (max-width: 560px) 100vw, 560px\" data-caption=\"\" class=\"light-dropshaddow\" itemprop=\"contentUrl\" alt=\"\"><meta itemprop=\"url\" content=\"https:\/\/polititzacionsdelmalestar.org\/wp-content\/uploads\/2025\/01\/Figura-4-560x560.jpg\"><meta itemprop=\"width\" content=\"560px\"><meta itemprop=\"height\" content=\"560px\"><\/div><\/div><\/a><\/div><\/div><div class=\"tcol-lg-12 tcol-md-12 tcol-sm-12 tcol-xs-12 tcol-ss-12 g_item\"><div class=\"grid_item kt_item_fade_in kad_gallery_fade_in gallery_item\"><a href=\"https:\/\/polititzacionsdelmalestar.org\/wp-content\/uploads\/2025\/01\/Figura-3.jpg\" data-rel=\"lightbox\" class=\"lightboxhover\"><div class=\"kt-intrinsic\" style=\"padding-bottom:100%;\"><div itemprop=\"image\" itemscope itemtype=\"https:\/\/schema.org\/ImageObject\"><img loading=\"lazy\" decoding=\"async\" width=\"560\" height=\"560\" src=\"https:\/\/polititzacionsdelmalestar.org\/wp-content\/uploads\/2025\/01\/Figura-3-560x560.jpg\" srcset=\"https:\/\/polititzacionsdelmalestar.org\/wp-content\/uploads\/2025\/01\/Figura-3-560x560.jpg 560w, https:\/\/polititzacionsdelmalestar.org\/wp-content\/uploads\/2025\/01\/Figura-3-150x150.jpg 150w\" sizes=\"auto, (max-width: 560px) 100vw, 560px\" data-caption=\"\" class=\"light-dropshaddow\" itemprop=\"contentUrl\" alt=\"\"><meta itemprop=\"url\" content=\"https:\/\/polititzacionsdelmalestar.org\/wp-content\/uploads\/2025\/01\/Figura-3-560x560.jpg\"><meta itemprop=\"width\" content=\"560px\"><meta itemprop=\"height\" content=\"560px\"><\/div><\/div><\/a><\/div><\/div><div class=\"tcol-lg-12 tcol-md-12 tcol-sm-12 tcol-xs-12 tcol-ss-12 g_item\"><div class=\"grid_item kt_item_fade_in kad_gallery_fade_in gallery_item\"><a href=\"https:\/\/polititzacionsdelmalestar.org\/wp-content\/uploads\/2025\/01\/Figura-2.jpg\" data-rel=\"lightbox\" class=\"lightboxhover\"><div class=\"kt-intrinsic\" style=\"padding-bottom:100%;\"><div itemprop=\"image\" itemscope itemtype=\"https:\/\/schema.org\/ImageObject\"><img loading=\"lazy\" decoding=\"async\" width=\"560\" height=\"560\" src=\"https:\/\/polititzacionsdelmalestar.org\/wp-content\/uploads\/2025\/01\/Figura-2-560x560.jpg\" srcset=\"https:\/\/polititzacionsdelmalestar.org\/wp-content\/uploads\/2025\/01\/Figura-2-560x560.jpg 560w, https:\/\/polititzacionsdelmalestar.org\/wp-content\/uploads\/2025\/01\/Figura-2-150x150.jpg 150w\" sizes=\"auto, (max-width: 560px) 100vw, 560px\" data-caption=\"\" class=\"light-dropshaddow\" itemprop=\"contentUrl\" alt=\"\"><meta itemprop=\"url\" content=\"https:\/\/polititzacionsdelmalestar.org\/wp-content\/uploads\/2025\/01\/Figura-2-560x560.jpg\"><meta itemprop=\"width\" content=\"560px\"><meta itemprop=\"height\" content=\"560px\"><\/div><\/div><\/a><\/div><\/div><\/div><\/div><\/div><\/div><\/div>","protected":false},"excerpt":{"rendered":"<h3><a href=\"https:\/\/polititzacionsdelmalestar.org\/es\/hermafroditas-a-caballo-o-la-rebelion-del-deseo\/\">Hermafroditas a caballo o la rebeli\u00f3n del deseo<\/a><\/h3>\n<p>2023<br \/>\n<a href=\"https:\/\/polititzacionsdelmalestar.org\/es\/colectivo-que-no-salga-de-aqui\/\"><strong>Colectivo Que no salga de aqu\u00ed<\/strong><\/a><\/p>\n","protected":false},"author":8,"featured_media":11752,"comment_status":"closed","ping_status":"closed","sticky":false,"template":"","format":"standard","meta":{"footnotes":""},"categories":[205],"tags":[],"class_list":["post-11868","post","type-post","status-publish","format-standard","has-post-thumbnail","hentry","category-projectesarxiu-es"],"_links":{"self":[{"href":"https:\/\/polititzacionsdelmalestar.org\/es\/wp-json\/wp\/v2\/posts\/11868","targetHints":{"allow":["GET"]}}],"collection":[{"href":"https:\/\/polititzacionsdelmalestar.org\/es\/wp-json\/wp\/v2\/posts"}],"about":[{"href":"https:\/\/polititzacionsdelmalestar.org\/es\/wp-json\/wp\/v2\/types\/post"}],"author":[{"embeddable":true,"href":"https:\/\/polititzacionsdelmalestar.org\/es\/wp-json\/wp\/v2\/users\/8"}],"replies":[{"embeddable":true,"href":"https:\/\/polititzacionsdelmalestar.org\/es\/wp-json\/wp\/v2\/comments?post=11868"}],"version-history":[{"count":4,"href":"https:\/\/polititzacionsdelmalestar.org\/es\/wp-json\/wp\/v2\/posts\/11868\/revisions"}],"predecessor-version":[{"id":11897,"href":"https:\/\/polititzacionsdelmalestar.org\/es\/wp-json\/wp\/v2\/posts\/11868\/revisions\/11897"}],"wp:featuredmedia":[{"embeddable":true,"href":"https:\/\/polititzacionsdelmalestar.org\/es\/wp-json\/wp\/v2\/media\/11752"}],"wp:attachment":[{"href":"https:\/\/polititzacionsdelmalestar.org\/es\/wp-json\/wp\/v2\/media?parent=11868"}],"wp:term":[{"taxonomy":"category","embeddable":true,"href":"https:\/\/polititzacionsdelmalestar.org\/es\/wp-json\/wp\/v2\/categories?post=11868"},{"taxonomy":"post_tag","embeddable":true,"href":"https:\/\/polititzacionsdelmalestar.org\/es\/wp-json\/wp\/v2\/tags?post=11868"}],"curies":[{"name":"wp","href":"https:\/\/api.w.org\/{rel}","templated":true}]}}