


{"id":11860,"date":"2025-01-14T16:27:35","date_gmt":"2025-01-14T16:27:35","guid":{"rendered":"https:\/\/polititzacionsdelmalestar.org\/micropieza-teatral-que-no-salga-de-aqui-2\/"},"modified":"2025-01-16T17:20:20","modified_gmt":"2025-01-16T17:20:20","slug":"micropieza-teatral-que-no-salga-de-aqui-2","status":"publish","type":"post","link":"https:\/\/polititzacionsdelmalestar.org\/es\/micropieza-teatral-que-no-salga-de-aqui-2\/","title":{"rendered":"Micropieza teatral Que no salga de aqu\u00ed"},"content":{"rendered":"<div id=\"pl-11860\"  class=\"panel-layout\" ><div id=\"pg-11860-0\"  class=\"panel-grid panel-no-style\" ><div id=\"pgc-11860-0-0\"  class=\"panel-grid-cell\" ><div id=\"panel-11860-0-0-0\" class=\"so-panel widget widget_sow-editor panel-first-child\" data-index=\"0\" ><div class=\"panel-widget-style panel-widget-style-for-11860-0-0-0\" ><div\n\t\t\t\n\t\t\tclass=\"so-widget-sow-editor so-widget-sow-editor-base\"\n\t\t\t\n\t\t>\n<div class=\"siteorigin-widget-tinymce textwidget\">\n\t<p style=\"text-align: center;\"><strong>Relatos para deconstruir la violencia machista desde la Historia del arte<\/strong><\/p>\n<\/div>\n<\/div><\/div><\/div><div id=\"panel-11860-0-0-1\" class=\"so-panel widget widget_virtue_gallery_widget virtue_gallery_widget\" data-index=\"1\" ><h3 class=\"widget-title\">Micropieza teatral Que no salga de aqu\u00ed<\/h3><\/div><div id=\"panel-11860-0-0-2\" class=\"so-panel widget widget_sow-editor panel-last-child\" data-index=\"2\" ><div\n\t\t\t\n\t\t\tclass=\"so-widget-sow-editor so-widget-sow-editor-base\"\n\t\t\t\n\t\t>\n<div class=\"siteorigin-widget-tinymce textwidget\">\n\t<p>&nbsp;<\/p>\n<p style=\"font-weight: 400;\"><em>Que no salga de aqu\u00ed<\/em> es un talk show que, programa tras programa, nos demuestra que calladitas estamos m\u00e1s bonitas. La invitada de esta edici\u00f3n ser\u00e1 Cristina R., una joven intersexual con un raro trastorno que su Amiga \u00cdntima, su familia y nuestro Gran Experto nos ayudar\u00e1n a solucionar.<\/p>\n<p style=\"font-weight: 400;\"><strong>Recorrido del proyecto. \u00bfD\u00f3nde se encuentra la obra?<\/strong><\/p>\n<p style=\"font-weight: 400;\">Estreno: Cabaret Trans 2019, Espacio Francesca Bonnemaison, junio de 2019. Gira: Ciclo 'Intersexualidades: mitos, reclamos e imaginarios' organizado por el Hospital de Olot, 17 de octubre de 2024.<\/p>\n<p style=\"font-weight: 400;\">8\u00aa edici\u00f3n de Nosotros: Semana LGTBI+, Centro C\u00edvico Sagrada Familia INTER* ROLE PLAYERS, Sant Andreu Contemporani, junio de 2022.<\/p>\n<p style=\"font-weight: 400;\">Crecer m\u00e1s all\u00e1 del g\u00e9nero. Pol\u00edticas municipales feministas por la diversidad sexual y de g\u00e9nero en la infancia y la adolescencia, Ayuntamiento de Manresa, febrero de 2021.<\/p>\n<p style=\"font-weight: 400;\">II Semana da Diversidad Sexual de Nigran, Auditorio Municipal Nigran, mayo del 2021.<\/p>\n<p style=\"font-weight: 400;\">Festival Berdache-Trans &amp; Intersex Showcase, El Pumarejo, Barcelona, \u200b\u200boctubre de 2020.<\/p>\n<p style=\"font-weight: 400;\">Festival de Culturas Lesbianas visibLES, Espacio Francesca Bonnemaison, Barcelona, \u200b\u200bnoviembre de 2020.<\/p>\n<p style=\"font-weight: 400;\">La I Sale del armario. Encuentro estatal en torno a las intersexualidades\/DSD organizado por Kaleidos \u2014Organizaci\u00f3n Intersex por la Diversidad\u2014, Centro Cultural Can Revuelta, Valencia, noviembre de 2019.<\/p>\n<\/div>\n<\/div><\/div><\/div><div id=\"pgc-11860-0-1\"  class=\"panel-grid-cell\" ><div id=\"panel-11860-0-1-0\" class=\"so-panel widget widget_sow-editor panel-first-child\" data-index=\"3\" ><div\n\t\t\t\n\t\t\tclass=\"so-widget-sow-editor so-widget-sow-editor-base\"\n\t\t\t\n\t\t>\n<div class=\"siteorigin-widget-tinymce textwidget\">\n\t<\/div>\n<\/div><\/div><div id=\"panel-11860-0-1-1\" class=\"so-panel widget widget_sow-editor\" data-index=\"4\" ><div\n\t\t\t\n\t\t\tclass=\"so-widget-sow-editor so-widget-sow-editor-base\"\n\t\t\t\n\t\t>\n<div class=\"siteorigin-widget-tinymce textwidget\">\n\t<p>&nbsp;<\/p>\n<p style=\"font-weight: 400;\"><a href=\"https:\/\/polititzacionsdelmalestar.org\/es\/colectivo-que-no-salga-de-aqui\/\"><strong>Colectivo Que no salga de aqu\u00ed<\/strong><\/a><\/p>\n<h4>Fotos del proyecto<\/h4>\n<\/div>\n<\/div><\/div><div id=\"panel-11860-0-1-2\" class=\"so-panel widget widget_virtue_gallery_widget virtue_gallery_widget panel-last-child\" data-index=\"5\" ><div id=\"kad-wp-gallery720\" class=\"kad-wp-gallery gallery kt-gallery-column-1 init-isotope-intrinsic reinit-isotope kad-light-wp-gallery clearfix rowtight\" data-fade-in=\"1\" data-iso-selector=\".g_item\" data-iso-style=\"masonry\" data-iso-filter=\"false\"><div class=\"tcol-lg-12 tcol-md-12 tcol-sm-12 tcol-xs-12 tcol-ss-12 g_item\"><div class=\"grid_item kt_item_fade_in kad_gallery_fade_in gallery_item\"><a href=\"https:\/\/polititzacionsdelmalestar.org\/wp-content\/uploads\/2025\/01\/Figura-10-scaled.jpg\" data-rel=\"lightbox\" class=\"lightboxhover\"><div class=\"kt-intrinsic\" style=\"padding-bottom:100%;\"><div itemprop=\"image\" itemscope itemtype=\"https:\/\/schema.org\/ImageObject\"><img loading=\"lazy\" decoding=\"async\" width=\"560\" height=\"560\" src=\"https:\/\/polititzacionsdelmalestar.org\/wp-content\/uploads\/2025\/01\/Figura-10-scaled-560x560.jpg\" srcset=\"https:\/\/polititzacionsdelmalestar.org\/wp-content\/uploads\/2025\/01\/Figura-10-scaled-560x560.jpg 560w, https:\/\/polititzacionsdelmalestar.org\/wp-content\/uploads\/2025\/01\/Figura-10-150x150.jpg 150w, https:\/\/polititzacionsdelmalestar.org\/wp-content\/uploads\/2025\/01\/Figura-10-scaled-1120x1120.jpg 1120w\" sizes=\"auto, (max-width: 560px) 100vw, 560px\" data-caption=\"\" class=\"light-dropshaddow\" itemprop=\"contentUrl\" alt=\"\"><meta itemprop=\"url\" content=\"https:\/\/polititzacionsdelmalestar.org\/wp-content\/uploads\/2025\/01\/Figura-10-scaled-560x560.jpg\"><meta itemprop=\"width\" content=\"560px\"><meta itemprop=\"height\" content=\"560px\"><\/div><\/div><\/a><\/div><\/div><div class=\"tcol-lg-12 tcol-md-12 tcol-sm-12 tcol-xs-12 tcol-ss-12 g_item\"><div class=\"grid_item kt_item_fade_in kad_gallery_fade_in gallery_item\"><a href=\"https:\/\/polititzacionsdelmalestar.org\/wp-content\/uploads\/2025\/01\/Figura-9-scaled.jpg\" data-rel=\"lightbox\" class=\"lightboxhover\"><div class=\"kt-intrinsic\" style=\"padding-bottom:100%;\"><div itemprop=\"image\" itemscope itemtype=\"https:\/\/schema.org\/ImageObject\"><img loading=\"lazy\" decoding=\"async\" width=\"560\" height=\"560\" src=\"https:\/\/polititzacionsdelmalestar.org\/wp-content\/uploads\/2025\/01\/Figura-9-scaled-560x560.jpg\" srcset=\"https:\/\/polititzacionsdelmalestar.org\/wp-content\/uploads\/2025\/01\/Figura-9-scaled-560x560.jpg 560w, https:\/\/polititzacionsdelmalestar.org\/wp-content\/uploads\/2025\/01\/Figura-9-150x150.jpg 150w, https:\/\/polititzacionsdelmalestar.org\/wp-content\/uploads\/2025\/01\/Figura-9-scaled-1120x1120.jpg 1120w\" sizes=\"auto, (max-width: 560px) 100vw, 560px\" data-caption=\"\" class=\"light-dropshaddow\" itemprop=\"contentUrl\" alt=\"\"><meta itemprop=\"url\" content=\"https:\/\/polititzacionsdelmalestar.org\/wp-content\/uploads\/2025\/01\/Figura-9-scaled-560x560.jpg\"><meta itemprop=\"width\" content=\"560px\"><meta itemprop=\"height\" content=\"560px\"><\/div><\/div><\/a><\/div><\/div><div class=\"tcol-lg-12 tcol-md-12 tcol-sm-12 tcol-xs-12 tcol-ss-12 g_item\"><div class=\"grid_item kt_item_fade_in kad_gallery_fade_in gallery_item\"><a href=\"https:\/\/polititzacionsdelmalestar.org\/wp-content\/uploads\/2025\/01\/Figura-8-scaled.jpg\" data-rel=\"lightbox\" class=\"lightboxhover\"><div class=\"kt-intrinsic\" style=\"padding-bottom:100%;\"><div itemprop=\"image\" itemscope itemtype=\"https:\/\/schema.org\/ImageObject\"><img loading=\"lazy\" decoding=\"async\" width=\"560\" height=\"560\" src=\"https:\/\/polititzacionsdelmalestar.org\/wp-content\/uploads\/2025\/01\/Figura-8-scaled-560x560.jpg\" srcset=\"https:\/\/polititzacionsdelmalestar.org\/wp-content\/uploads\/2025\/01\/Figura-8-scaled-560x560.jpg 560w, https:\/\/polititzacionsdelmalestar.org\/wp-content\/uploads\/2025\/01\/Figura-8-150x150.jpg 150w, https:\/\/polititzacionsdelmalestar.org\/wp-content\/uploads\/2025\/01\/Figura-8-scaled-1120x1120.jpg 1120w\" sizes=\"auto, (max-width: 560px) 100vw, 560px\" data-caption=\"\" class=\"light-dropshaddow\" itemprop=\"contentUrl\" alt=\"\"><meta itemprop=\"url\" content=\"https:\/\/polititzacionsdelmalestar.org\/wp-content\/uploads\/2025\/01\/Figura-8-scaled-560x560.jpg\"><meta itemprop=\"width\" content=\"560px\"><meta itemprop=\"height\" content=\"560px\"><\/div><\/div><\/a><\/div><\/div><div class=\"tcol-lg-12 tcol-md-12 tcol-sm-12 tcol-xs-12 tcol-ss-12 g_item\"><div class=\"grid_item kt_item_fade_in kad_gallery_fade_in gallery_item\"><a href=\"https:\/\/polititzacionsdelmalestar.org\/wp-content\/uploads\/2025\/01\/Figura-7-scaled.jpg\" data-rel=\"lightbox\" class=\"lightboxhover\"><div class=\"kt-intrinsic\" style=\"padding-bottom:100%;\"><div itemprop=\"image\" itemscope itemtype=\"https:\/\/schema.org\/ImageObject\"><img loading=\"lazy\" decoding=\"async\" width=\"560\" height=\"560\" src=\"https:\/\/polititzacionsdelmalestar.org\/wp-content\/uploads\/2025\/01\/Figura-7-scaled-560x560.jpg\" srcset=\"https:\/\/polititzacionsdelmalestar.org\/wp-content\/uploads\/2025\/01\/Figura-7-scaled-560x560.jpg 560w, https:\/\/polititzacionsdelmalestar.org\/wp-content\/uploads\/2025\/01\/Figura-7-150x150.jpg 150w, https:\/\/polititzacionsdelmalestar.org\/wp-content\/uploads\/2025\/01\/Figura-7-scaled-1120x1120.jpg 1120w\" sizes=\"auto, (max-width: 560px) 100vw, 560px\" data-caption=\"\" class=\"light-dropshaddow\" itemprop=\"contentUrl\" alt=\"\"><meta itemprop=\"url\" content=\"https:\/\/polititzacionsdelmalestar.org\/wp-content\/uploads\/2025\/01\/Figura-7-scaled-560x560.jpg\"><meta itemprop=\"width\" content=\"560px\"><meta itemprop=\"height\" content=\"560px\"><\/div><\/div><\/a><\/div><\/div><\/div><\/div><\/div><\/div><\/div>","protected":false},"excerpt":{"rendered":"<h3><a href=\"https:\/\/polititzacionsdelmalestar.org\/es\/micropieza-teatral-que-no-salga-de-aqui-2\/\">Micropieza teatral Que no salga de aqu\u00ed<\/a><\/h3>\n<p>2023<br \/>\n<a href=\"https:\/\/polititzacionsdelmalestar.org\/es\/colectivo-que-no-salga-de-aqui\/\"><strong>Colectivo Que no salga de aqu\u00ed<\/strong><\/a><\/p>\n","protected":false},"author":8,"featured_media":11764,"comment_status":"closed","ping_status":"closed","sticky":false,"template":"","format":"standard","meta":{"footnotes":""},"categories":[205],"tags":[],"class_list":["post-11860","post","type-post","status-publish","format-standard","has-post-thumbnail","hentry","category-projectesarxiu-es"],"_links":{"self":[{"href":"https:\/\/polititzacionsdelmalestar.org\/es\/wp-json\/wp\/v2\/posts\/11860","targetHints":{"allow":["GET"]}}],"collection":[{"href":"https:\/\/polititzacionsdelmalestar.org\/es\/wp-json\/wp\/v2\/posts"}],"about":[{"href":"https:\/\/polititzacionsdelmalestar.org\/es\/wp-json\/wp\/v2\/types\/post"}],"author":[{"embeddable":true,"href":"https:\/\/polititzacionsdelmalestar.org\/es\/wp-json\/wp\/v2\/users\/8"}],"replies":[{"embeddable":true,"href":"https:\/\/polititzacionsdelmalestar.org\/es\/wp-json\/wp\/v2\/comments?post=11860"}],"version-history":[{"count":6,"href":"https:\/\/polititzacionsdelmalestar.org\/es\/wp-json\/wp\/v2\/posts\/11860\/revisions"}],"predecessor-version":[{"id":11898,"href":"https:\/\/polititzacionsdelmalestar.org\/es\/wp-json\/wp\/v2\/posts\/11860\/revisions\/11898"}],"wp:featuredmedia":[{"embeddable":true,"href":"https:\/\/polititzacionsdelmalestar.org\/es\/wp-json\/wp\/v2\/media\/11764"}],"wp:attachment":[{"href":"https:\/\/polititzacionsdelmalestar.org\/es\/wp-json\/wp\/v2\/media?parent=11860"}],"wp:term":[{"taxonomy":"category","embeddable":true,"href":"https:\/\/polititzacionsdelmalestar.org\/es\/wp-json\/wp\/v2\/categories?post=11860"},{"taxonomy":"post_tag","embeddable":true,"href":"https:\/\/polititzacionsdelmalestar.org\/es\/wp-json\/wp\/v2\/tags?post=11860"}],"curies":[{"name":"wp","href":"https:\/\/api.w.org\/{rel}","templated":true}]}}