


{"id":11793,"date":"2024-11-11T15:23:47","date_gmt":"2024-11-11T15:23:47","guid":{"rendered":"https:\/\/polititzacionsdelmalestar.org\/abc-de-la-europa-racista\/"},"modified":"2025-01-14T15:16:32","modified_gmt":"2025-01-14T15:16:32","slug":"abc-de-la-europa-racista","status":"publish","type":"post","link":"https:\/\/polititzacionsdelmalestar.org\/es\/abc-de-la-europa-racista\/","title":{"rendered":"ABC de la Europa racista"},"content":{"rendered":"<div id=\"pl-11793\"  class=\"panel-layout\" ><div id=\"pg-11793-0\"  class=\"panel-grid panel-no-style\" ><div id=\"pgc-11793-0-0\"  class=\"panel-grid-cell\" ><div id=\"panel-11793-0-0-0\" class=\"so-panel widget widget_sow-editor panel-first-child\" data-index=\"0\" ><div class=\"panel-widget-style panel-widget-style-for-11793-0-0-0\" ><div\n\t\t\t\n\t\t\tclass=\"so-widget-sow-editor so-widget-sow-editor-base\"\n\t\t\t\n\t\t>\n<div class=\"siteorigin-widget-tinymce textwidget\">\n\t<p style=\"text-align: center;\"><strong>Relatos para deconstruir la violencia machista desde la Historia del arte<\/strong><\/p>\n<\/div>\n<\/div><\/div><\/div><div id=\"panel-11793-0-0-1\" class=\"so-panel widget widget_virtue_gallery_widget virtue_gallery_widget\" data-index=\"1\" ><h3 class=\"widget-title\">ABC de la Europa racista<\/h3><div id=\"kad-wp-gallery435\" class=\"kad-wp-gallery gallery kt-gallery-column-1 init-isotope-intrinsic reinit-isotope kad-light-wp-gallery clearfix rowtight\" data-fade-in=\"1\" data-iso-selector=\".g_item\" data-iso-style=\"masonry\" data-iso-filter=\"false\"><div class=\"tcol-lg-12 tcol-md-12 tcol-sm-12 tcol-xs-12 tcol-ss-12 g_item\"><div class=\"grid_item kt_item_fade_in kad_gallery_fade_in gallery_item\"><a href=\"https:\/\/polititzacionsdelmalestar.org\/wp-content\/uploads\/2018\/01\/01-BLANCA_SEC_011.jpg\" data-rel=\"lightbox\" class=\"lightboxhover\"><div class=\"kt-intrinsic\" style=\"padding-bottom:100%;\"><div itemprop=\"image\" itemscope itemtype=\"https:\/\/schema.org\/ImageObject\"><img loading=\"lazy\" decoding=\"async\" width=\"560\" height=\"560\" src=\"https:\/\/polititzacionsdelmalestar.org\/wp-content\/uploads\/2018\/01\/01-BLANCA_SEC_011-560x560.jpg\" srcset=\"https:\/\/polititzacionsdelmalestar.org\/wp-content\/uploads\/2018\/01\/01-BLANCA_SEC_011-560x560.jpg 560w, https:\/\/polititzacionsdelmalestar.org\/wp-content\/uploads\/2018\/01\/01-BLANCA_SEC_011-150x150.jpg 150w\" sizes=\"auto, (max-width: 560px) 100vw, 560px\" data-caption=\"Daniela Ortiz,\u00a0ABC de la Europa racista\u00a0(2017), vista de l&#039;exposici\u00f3\u00a0&quot;Blanca Europa&quot;, Val\u00e8ncia 2017.\" class=\"light-dropshaddow\" itemprop=\"contentUrl\" alt=\"Daniela Ortiz,\u00a0ABC de la Europa racista\u00a0(2017), vista de la\u00a0exposici\u00f3n\u00a0&quot;Blanca Europa&quot;, Val\u00e8ncia 2017.\"><meta itemprop=\"url\" content=\"https:\/\/polititzacionsdelmalestar.org\/wp-content\/uploads\/2018\/01\/01-BLANCA_SEC_011-560x560.jpg\"><meta itemprop=\"width\" content=\"560px\"><meta itemprop=\"height\" content=\"560px\"><\/div><\/div><div class=\"caption kad_caption\"><div class=\"kad_caption_inner\">Daniela Ortiz,\u00a0ABC de la Europa racista\u00a0(2017), vista de l&#8217;exposici\u00f3\u00a0\u00abBlanca Europa\u00bb, Val\u00e8ncia 2017.<\/div><\/div><\/a><\/div><\/div><\/div><\/div><div id=\"panel-11793-0-0-2\" class=\"so-panel widget widget_sow-editor panel-last-child\" data-index=\"2\" ><div\n\t\t\t\n\t\t\tclass=\"so-widget-sow-editor so-widget-sow-editor-base\"\n\t\t\t\n\t\t>\n<div class=\"siteorigin-widget-tinymce textwidget\">\n\t<p>2017<\/p>\n<p>El llibre infantil ABC de la Europa Racista realitza mitjan\u00e7ant collage, imatge i text un recorregut per les diverses paraules relacionades amb sistema de control migratori europeu i el racisme colonial.<\/p>\n<h4> <\/h4>\n<h4>Recorregut del projecte. On es troba l\u2019obra?<\/h4>\n<p>ABC de la Europa racista  ha estat exposat a Middlesbrough Institute of Modern Art, (MIMA), Anglaterra, en la seva versi\u00f3 anglesa (ABC of Racist Europe). La traducci\u00f3 de l'obra al castell\u00e0 ha estat exposada per primera vegada a l'exposici\u00f3 \"Blanca Europa\" un projecte amb l'Ajuntament de Val\u00e8ncia a les Drassanes del Grau, exposici\u00f3 comissariada per Irene Ll\u00e0cer, i en la mostra \"Robar la palabra\", comissariada per Carlota Santab\u00e1rbara i Pilar Cruz pel festival Periferias 2017, Osca, entre d'altres.  L'obra es pot adquirir en trobades i xerrades de l'artista i \u00e9s de consulta on-line.<\/p>\n<\/div>\n<\/div><\/div><\/div><div id=\"pgc-11793-0-1\"  class=\"panel-grid-cell\" ><div id=\"panel-11793-0-1-0\" class=\"so-panel widget widget_sow-editor panel-first-child\" data-index=\"3\" ><div\n\t\t\t\n\t\t\tclass=\"so-widget-sow-editor so-widget-sow-editor-base\"\n\t\t\t\n\t\t>\n<div class=\"siteorigin-widget-tinymce textwidget\">\n\t<h5><a href=\"https:\/\/polititzacionsdelmalestar.org\/es\/ortiz-daniela\/\">Daniela Ortiz<\/a><\/h5>\n<h4><\/h4>\n<h4>Textos sobre el proyecto<\/h4>\n<p><a href=\"https:\/\/blancaeuropa.wordpress.com\/2017\/10\/01\/hay-un-monstruo-debajo-de-mi-cama\/\" target=\"_blank\" rel=\"noopener\">Hay un monstruo debajo de mi pierna<\/a><\/p>\n<h4><\/h4>\n<h4>Documentos <em>media<\/em><\/h4>\n<p><a href=\"https:\/\/archive.org\/details\/TheAbcOfRacistEurope\" target=\"_blank\" rel=\"noopener\">The ABC of Racist Europe<\/a><\/p>\n<h4><\/h4>\n<h4>Fotos del proyecto<\/h4>\n<\/div>\n<\/div><\/div><div id=\"panel-11793-0-1-1\" class=\"so-panel widget widget_virtue_gallery_widget virtue_gallery_widget panel-last-child\" data-index=\"4\" ><div id=\"kad-wp-gallery361\" class=\"kad-wp-gallery gallery kt-gallery-column-1 init-isotope-intrinsic reinit-isotope kad-light-wp-gallery clearfix rowtight\" data-fade-in=\"1\" data-iso-selector=\".g_item\" data-iso-style=\"masonry\" data-iso-filter=\"false\"><div class=\"tcol-lg-12 tcol-md-12 tcol-sm-12 tcol-xs-12 tcol-ss-12 g_item\"><div class=\"grid_item kt_item_fade_in kad_gallery_fade_in gallery_item\"><a href=\"https:\/\/polititzacionsdelmalestar.org\/wp-content\/uploads\/2018\/01\/02-BLANCA_INA_033.jpg\" data-rel=\"lightbox\" class=\"lightboxhover\"><div class=\"kt-intrinsic\" style=\"padding-bottom:100%;\"><div itemprop=\"image\" itemscope itemtype=\"https:\/\/schema.org\/ImageObject\"><img loading=\"lazy\" decoding=\"async\" width=\"560\" height=\"560\" src=\"https:\/\/polititzacionsdelmalestar.org\/wp-content\/uploads\/2018\/01\/02-BLANCA_INA_033-560x560.jpg\" srcset=\"https:\/\/polititzacionsdelmalestar.org\/wp-content\/uploads\/2018\/01\/02-BLANCA_INA_033-560x560.jpg 560w, https:\/\/polititzacionsdelmalestar.org\/wp-content\/uploads\/2018\/01\/02-BLANCA_INA_033-150x150.jpg 150w\" sizes=\"auto, (max-width: 560px) 100vw, 560px\" data-caption=\"Daniela Ortiz,\u00a0ABC de la Europa racista\u00a0(2017), vista de la\u00a0exposici\u00f3n\u00a0&quot;Blanca Europa&quot;, Valencia 2017.\u00a0\" class=\"light-dropshaddow\" itemprop=\"contentUrl\" alt=\"\"><meta itemprop=\"url\" content=\"https:\/\/polititzacionsdelmalestar.org\/wp-content\/uploads\/2018\/01\/02-BLANCA_INA_033-560x560.jpg\"><meta itemprop=\"width\" content=\"560px\"><meta itemprop=\"height\" content=\"560px\"><\/div><\/div><div class=\"caption kad_caption\"><div class=\"kad_caption_inner\">Daniela Ortiz,\u00a0ABC de la Europa racista\u00a0(2017), vista de la\u00a0exposici\u00f3n\u00a0\u00abBlanca Europa\u00bb, Valencia 2017.\u00a0<\/div><\/div><\/a><\/div><\/div><div class=\"tcol-lg-12 tcol-md-12 tcol-sm-12 tcol-xs-12 tcol-ss-12 g_item\"><div class=\"grid_item kt_item_fade_in kad_gallery_fade_in gallery_item\"><a href=\"https:\/\/polititzacionsdelmalestar.org\/wp-content\/uploads\/2018\/01\/03-BLANCA_INA_034.jpg\" data-rel=\"lightbox\" class=\"lightboxhover\"><div class=\"kt-intrinsic\" style=\"padding-bottom:100%;\"><div itemprop=\"image\" itemscope itemtype=\"https:\/\/schema.org\/ImageObject\"><img loading=\"lazy\" decoding=\"async\" width=\"560\" height=\"560\" src=\"https:\/\/polititzacionsdelmalestar.org\/wp-content\/uploads\/2018\/01\/03-BLANCA_INA_034-560x560.jpg\" srcset=\"https:\/\/polititzacionsdelmalestar.org\/wp-content\/uploads\/2018\/01\/03-BLANCA_INA_034-560x560.jpg 560w, https:\/\/polititzacionsdelmalestar.org\/wp-content\/uploads\/2018\/01\/03-BLANCA_INA_034-150x150.jpg 150w\" sizes=\"auto, (max-width: 560px) 100vw, 560px\" data-caption=\"Daniela Ortiz,\u00a0ABC de la Europa racista\u00a0(2017), vista de la\u00a0exposici\u00f3n\u00a0&quot;Blanca Europa&quot;, Valencia 2017.\u00a0\" class=\"light-dropshaddow\" itemprop=\"contentUrl\" alt=\"\"><meta itemprop=\"url\" content=\"https:\/\/polititzacionsdelmalestar.org\/wp-content\/uploads\/2018\/01\/03-BLANCA_INA_034-560x560.jpg\"><meta itemprop=\"width\" content=\"560px\"><meta itemprop=\"height\" content=\"560px\"><\/div><\/div><div class=\"caption kad_caption\"><div class=\"kad_caption_inner\">Daniela Ortiz,\u00a0ABC de la Europa racista\u00a0(2017), vista de la\u00a0exposici\u00f3n\u00a0\u00abBlanca Europa\u00bb, Valencia 2017.\u00a0<\/div><\/div><\/a><\/div><\/div><\/div><\/div><\/div><\/div><\/div>","protected":false},"excerpt":{"rendered":"<h3><a href=\"https:\/\/polititzacionsdelmalestar.org\/es\/abc-de-la-europa-racista\/ \">ABC de la Europa racista<\/a><\/h3>\n<p>2017<br \/>\n<a href=\"https:\/\/polititzacionsdelmalestar.org\/es\/ortiz-daniela\/\"><strong>Daniela Ortiz<\/strong><\/a><br \/><\/p>\n","protected":false},"author":6,"featured_media":4067,"comment_status":"closed","ping_status":"closed","sticky":false,"template":"","format":"standard","meta":{"footnotes":""},"categories":[205],"tags":[],"class_list":["post-11793","post","type-post","status-publish","format-standard","has-post-thumbnail","hentry","category-projectesarxiu-es"],"_links":{"self":[{"href":"https:\/\/polititzacionsdelmalestar.org\/es\/wp-json\/wp\/v2\/posts\/11793","targetHints":{"allow":["GET"]}}],"collection":[{"href":"https:\/\/polititzacionsdelmalestar.org\/es\/wp-json\/wp\/v2\/posts"}],"about":[{"href":"https:\/\/polititzacionsdelmalestar.org\/es\/wp-json\/wp\/v2\/types\/post"}],"author":[{"embeddable":true,"href":"https:\/\/polititzacionsdelmalestar.org\/es\/wp-json\/wp\/v2\/users\/6"}],"replies":[{"embeddable":true,"href":"https:\/\/polititzacionsdelmalestar.org\/es\/wp-json\/wp\/v2\/comments?post=11793"}],"version-history":[{"count":3,"href":"https:\/\/polititzacionsdelmalestar.org\/es\/wp-json\/wp\/v2\/posts\/11793\/revisions"}],"predecessor-version":[{"id":11845,"href":"https:\/\/polititzacionsdelmalestar.org\/es\/wp-json\/wp\/v2\/posts\/11793\/revisions\/11845"}],"wp:featuredmedia":[{"embeddable":true,"href":"https:\/\/polititzacionsdelmalestar.org\/es\/wp-json\/wp\/v2\/media\/4067"}],"wp:attachment":[{"href":"https:\/\/polititzacionsdelmalestar.org\/es\/wp-json\/wp\/v2\/media?parent=11793"}],"wp:term":[{"taxonomy":"category","embeddable":true,"href":"https:\/\/polititzacionsdelmalestar.org\/es\/wp-json\/wp\/v2\/categories?post=11793"},{"taxonomy":"post_tag","embeddable":true,"href":"https:\/\/polititzacionsdelmalestar.org\/es\/wp-json\/wp\/v2\/tags?post=11793"}],"curies":[{"name":"wp","href":"https:\/\/api.w.org\/{rel}","templated":true}]}}