


{"id":11790,"date":"2024-11-11T11:09:54","date_gmt":"2024-11-11T11:09:54","guid":{"rendered":"https:\/\/polititzacionsdelmalestar.org\/ortiz-daniela\/"},"modified":"2025-01-10T11:09:30","modified_gmt":"2025-01-10T11:09:30","slug":"ortiz-daniela","status":"publish","type":"post","link":"https:\/\/polititzacionsdelmalestar.org\/es\/ortiz-daniela\/","title":{"rendered":"Ortiz, Daniela"},"content":{"rendered":"<div id=\"pl-11790\"  class=\"panel-layout\" ><div id=\"pg-11790-0\"  class=\"panel-grid panel-no-style\" ><div id=\"pgc-11790-0-0\"  class=\"panel-grid-cell\" ><div id=\"panel-11790-0-0-0\" class=\"so-panel widget widget_sow-editor panel-first-child\" data-index=\"0\" ><div class=\"panel-widget-style panel-widget-style-for-11790-0-0-0\" ><div\n\t\t\t\n\t\t\tclass=\"so-widget-sow-editor so-widget-sow-editor-base\"\n\t\t\t\n\t\t>\n<div class=\"siteorigin-widget-tinymce textwidget\">\n\t<p style=\"text-align: center;\"><strong>Relatos para deconstruir la violencia machista desde la Historia del arte<\/strong><\/p>\n<\/div>\n<\/div><\/div><\/div><div id=\"panel-11790-0-0-1\" class=\"so-panel widget widget_sow-editor panel-last-child\" data-index=\"1\" ><div\n\t\t\t\n\t\t\tclass=\"so-widget-sow-editor so-widget-sow-editor-base\"\n\t\t\t\n\t\t><h3 class=\"widget-title\">Daniela Ortiz<\/h3>\n<div class=\"siteorigin-widget-tinymce textwidget\">\n\t<\/div>\n<\/div><\/div><\/div><\/div><div id=\"pg-11790-1\"  class=\"panel-grid panel-no-style\" ><div id=\"pgc-11790-1-0\"  class=\"panel-grid-cell\" ><div id=\"panel-11790-1-0-0\" class=\"so-panel widget widget_sow-editor panel-first-child\" data-index=\"2\" ><div\n\t\t\t\n\t\t\tclass=\"so-widget-sow-editor so-widget-sow-editor-base\"\n\t\t\t\n\t\t>\n<div class=\"siteorigin-widget-tinymce textwidget\">\n\t<p><img loading=\"lazy\" decoding=\"async\" class=\"foto_completa\" src=\"https:\/\/polititzacionsdelmalestar.org\/wp-content\/uploads\/2018\/01\/01-BLANCA_SEC_011.jpg\" alt=\"Daniela Ortiz, ABC de la Europa racista (2017), vista de la exposici\u00f3n \" width=\"1000\" height=\"667\" \/><\/p>\n<p><em>Daniela Ortiz, \"ABC de la Europa racista\" (2017), vista de la exposici\u00f3n \"Blanca Europa\". Valencia, 2017. <\/em><\/p>\n<h5><a href=\"https:\/\/polititzacionsdelmalestar.org\/es\/abc-de-la-europa-racista\/\">\"ABC de la Europa racista\"<\/a><\/h5>\n<p>2017<\/p>\n<\/div>\n<\/div><\/div><div id=\"panel-11790-1-0-1\" class=\"so-panel widget widget_sow-editor panel-last-child\" data-index=\"3\" ><div\n\t\t\t\n\t\t\tclass=\"so-widget-sow-editor so-widget-sow-editor-base\"\n\t\t\t\n\t\t>\n<div class=\"siteorigin-widget-tinymce textwidget\">\n\t<p>A lo largo de su trayectoria, Daniela Ortiz (Cusco, Per\u00fa, 1985) busca generar espacios de tensi\u00f3n en los que sus obras indagan concepciones de racializaci\u00f3n, clase, nacionalidad y g\u00e9nero. Durante los \u00faltimos a\u00f1os, sus proyectos han girado especialmente en torno al sistema de control migratorio europeo, los mecanismos legales creados para ejercer violencia sobre la poblaci\u00f3n migrante y racializada, su relaci\u00f3n con la historia y el presente del colonialismo.  <\/p>\n<p><a href=\"http:\/\/www.daniela-ortiz.com\" target=\"_blank\" rel=\"noopener\">Web oficial Daniela Ortiz<\/a><\/p>\n<\/div>\n<\/div><\/div><\/div><div id=\"pgc-11790-1-1\"  class=\"panel-grid-cell\" ><div id=\"panel-11790-1-1-0\" class=\"so-panel widget widget_sow-editor panel-first-child panel-last-child\" data-index=\"4\" ><div\n\t\t\t\n\t\t\tclass=\"so-widget-sow-editor so-widget-sow-editor-base\"\n\t\t\t\n\t\t>\n<div class=\"siteorigin-widget-tinymce textwidget\">\n\t<p><strong>Nota<\/strong><br \/>\n \u00c9sta es una selecci\u00f3n de las obras de la autora que se enmarcan en los conceptos de Politizaciones del malestar.<\/p>\n<h4> <\/h4>\n<p><strong>Otros proyectos<\/strong><\/p>\n<p>- \"Lus sangu\u00edneos\" (2016)<\/p>\n<p><a id=\"69f0d78143dc1\" rel=\"wp-video-lightbox\" href=\"https:\/\/www.youtube.com\/watch?v=LlEIzgDYTUM&#038;width=800&#038;height=600\" title=\"\"><img decoding=\"async\" src=\"https:\/\/polititzacionsdelmalestar.org\/wp-content\/uploads\/2018\/01\/lus-sanguinis.jpg\" class=\"video_lightbox_anchor_image\" alt=\"Lus sangu\u00edneos (2016)\" \/><\/a>    <script>\r\n    \/* <![CDATA[ *\/\r\n    jQuery(document).ready(function($){\r\n        $(function(){\r\n            var width = $(window).innerWidth();\r\n            var setwidth = parseFloat(800);\r\n            var ratio = parseFloat(0.75);\r\n            var height = parseFloat(600);\r\n            var link = 'https:\/\/www.youtube.com\/watch?v=LlEIzgDYTUM&amp;width=800&amp;height=600';\r\n            if(width < setwidth)\r\n            {\r\n                height = Math.floor(width * 0.75);\r\n                \/\/console.log(\"device width \"+width+\", set width \"+800+\", ratio \"+0.75+\", new height \"+ height);\r\n                var new_url = wpvl_paramReplace('width', link, width);\r\n                var new_url = wpvl_paramReplace('height', new_url, height);\r\n                $(\"a#69f0d78143dc1\").attr('href', new_url);\r\n                \/\/console.log(new_url);\r\n            }\r\n        });\r\n    });\r\n    \/* ]]> *\/\r\n    <\/script><br \/>\n<div class=\"kad-spacer clearfix\" style=\"height:5px\"><\/div><\/p>\n<p>- <a href=\"http:\/\/www.daniela-ortiz.com\/index.php?\/projects\/condecoracion\/\" target=\"_blank\" rel=\"noopener\"><em>Condecoraci\u00f3n<\/em> (2015)<\/a><\/p>\n<\/div>\n<\/div><\/div><\/div><\/div><\/div>","protected":false},"excerpt":{"rendered":"<h5><a href=\"https:\/\/polititzacionsdelmalestar.org\/10629\/daniela-ortiz-2\/\">Daniela Ortiz<\/a><\/h5>\n<li><a href=\"https:\/\/polititzacionsdelmalestar.org\/10658\/abc-europa-racista-2\/\">ABC de la Europa racista<\/a> , 2017<\/li>\n","protected":false},"author":6,"featured_media":0,"comment_status":"closed","ping_status":"closed","sticky":false,"template":"","format":"standard","meta":{"footnotes":""},"categories":[206],"tags":[],"class_list":["post-11790","post","type-post","status-publish","format-standard","hentry","category-autoresarxiu-es"],"_links":{"self":[{"href":"https:\/\/polititzacionsdelmalestar.org\/es\/wp-json\/wp\/v2\/posts\/11790","targetHints":{"allow":["GET"]}}],"collection":[{"href":"https:\/\/polititzacionsdelmalestar.org\/es\/wp-json\/wp\/v2\/posts"}],"about":[{"href":"https:\/\/polititzacionsdelmalestar.org\/es\/wp-json\/wp\/v2\/types\/post"}],"author":[{"embeddable":true,"href":"https:\/\/polititzacionsdelmalestar.org\/es\/wp-json\/wp\/v2\/users\/6"}],"replies":[{"embeddable":true,"href":"https:\/\/polititzacionsdelmalestar.org\/es\/wp-json\/wp\/v2\/comments?post=11790"}],"version-history":[{"count":4,"href":"https:\/\/polititzacionsdelmalestar.org\/es\/wp-json\/wp\/v2\/posts\/11790\/revisions"}],"predecessor-version":[{"id":11797,"href":"https:\/\/polititzacionsdelmalestar.org\/es\/wp-json\/wp\/v2\/posts\/11790\/revisions\/11797"}],"wp:attachment":[{"href":"https:\/\/polititzacionsdelmalestar.org\/es\/wp-json\/wp\/v2\/media?parent=11790"}],"wp:term":[{"taxonomy":"category","embeddable":true,"href":"https:\/\/polititzacionsdelmalestar.org\/es\/wp-json\/wp\/v2\/categories?post=11790"},{"taxonomy":"post_tag","embeddable":true,"href":"https:\/\/polititzacionsdelmalestar.org\/es\/wp-json\/wp\/v2\/tags?post=11790"}],"curies":[{"name":"wp","href":"https:\/\/api.w.org\/{rel}","templated":true}]}}