


{"id":11744,"date":"2024-11-13T14:15:52","date_gmt":"2024-11-13T14:15:52","guid":{"rendered":"https:\/\/polititzacionsdelmalestar.org\/ferrer-esther\/"},"modified":"2025-01-09T17:05:58","modified_gmt":"2025-01-09T17:05:58","slug":"ferrer-esther","status":"publish","type":"post","link":"https:\/\/polititzacionsdelmalestar.org\/es\/ferrer-esther\/","title":{"rendered":"Ferrer, Esther"},"content":{"rendered":"<div id=\"pl-11744\"  class=\"panel-layout\" ><div id=\"pg-11744-0\"  class=\"panel-grid panel-no-style\" ><div id=\"pgc-11744-0-0\"  class=\"panel-grid-cell\" ><div id=\"panel-11744-0-0-0\" class=\"so-panel widget widget_sow-editor panel-first-child panel-last-child\" data-index=\"0\" ><div class=\"panel-widget-style panel-widget-style-for-11744-0-0-0\" ><div\n\t\t\t\n\t\t\tclass=\"so-widget-sow-editor so-widget-sow-editor-base\"\n\t\t\t\n\t\t>\n<div class=\"siteorigin-widget-tinymce textwidget\">\n\t<p style=\"text-align: center;\"><strong>Relatos para deconstruir la violencia machista desde la Historia del arte<\/strong><\/p>\n<\/div>\n<\/div><\/div><\/div><\/div><\/div><div id=\"pg-11744-1\"  class=\"panel-grid panel-no-style\" ><div id=\"pgc-11744-1-0\"  class=\"panel-grid-cell\" ><div id=\"panel-11744-1-0-0\" class=\"so-panel widget widget_sow-editor panel-first-child panel-last-child\" data-index=\"1\" ><div\n\t\t\t\n\t\t\tclass=\"so-widget-sow-editor so-widget-sow-editor-base\"\n\t\t\t\n\t\t><h3 class=\"widget-title\">Esther Ferrer  <\/h3>\n<div class=\"siteorigin-widget-tinymce textwidget\">\n\t<div class=\"siteorigin-widget-tinymce textwidget\"><\/div>\n<figure id=\"attachment_10931\" class=\"thumbnail wp-caption alignnone\" style=\"width: 300px\"><img loading=\"lazy\" decoding=\"async\" class=\"size-medium wp-image-10929\" src=\"https:\/\/polititzacionsdelmalestar.org\/wp-content\/uploads\/2024\/11\/109-sillas-mesa-y-maniqui_Foto-1-300x225.jpg\" alt=\"\" width=\"300\" height=\"225\" srcset=\"https:\/\/polititzacionsdelmalestar.org\/wp-content\/uploads\/2024\/11\/109-sillas-mesa-y-maniqui_Foto-1-300x225.jpg 300w, https:\/\/polititzacionsdelmalestar.org\/wp-content\/uploads\/2024\/11\/109-sillas-mesa-y-maniqui_Foto-1-768x576.jpg 768w, https:\/\/polititzacionsdelmalestar.org\/wp-content\/uploads\/2024\/11\/109-sillas-mesa-y-maniqui_Foto-1-728x546.jpg 728w, https:\/\/polititzacionsdelmalestar.org\/wp-content\/uploads\/2024\/11\/109-sillas-mesa-y-maniqui_Foto-1-364x273.jpg 364w, https:\/\/polititzacionsdelmalestar.org\/wp-content\/uploads\/2024\/11\/109-sillas-mesa-y-maniqui_Foto-1-520x390.jpg 520w, https:\/\/polititzacionsdelmalestar.org\/wp-content\/uploads\/2024\/11\/109-sillas-mesa-y-maniqui_Foto-1-260x195.jpg 260w, https:\/\/polititzacionsdelmalestar.org\/wp-content\/uploads\/2024\/11\/109-sillas-mesa-y-maniqui_Foto-1.jpg 1000w\" sizes=\"auto, (max-width: 300px) 100vw, 300px\" \/><figcaption class=\"caption wp-caption-text\"><em>109 sillas plegables, mesa y maniqu\u00ed, medidas variables, 2016. Imagen: web artista. <\/em><\/figcaption><\/figure>\n<h5><a href=\"https:\/\/polititzacionsdelmalestar.org\/10936\/109-sillas-mesa-y-maniqui\/\">109 sillas, mesa y maniqu\u00ed<\/a><\/h5>\n<p>2016<\/p>\n<h3>Esther Ferrer<\/h3>\n<p style=\"font-weight: 400;\">Nace en Donostia\/San Sebasti\u00e1n en 1937. Se licencia en Ciencias Sociales, Magisterio y Periodismo y estudia Arte en Par\u00eds, donde vive y trabaja desde 1973. A inicios de los 60 crea, junto a Jose Antonio Sistiaga, en Donostia, un taller de libre expresi\u00f3n siguiendo la pedagog\u00eda de Jorge Oteiza. En 1967 realiza su primera acci\u00f3n, en el contexto del grupo Zaj, del que forma parte hasta 1996. Desde ese momento, la performance \u2013entonces, \u201carte del cuerpo\u201d\u2013 se convierte en el medio articulador de su pr\u00e1ctica, que combina con fotograf\u00edas, instalaciones, composiciones sonoras, dibujos, cuadros, esquemas u obras radiof\u00f3nicas. Como performer participa en festivales en Europa, Am\u00e9rica y Asia. Cuenta con obras en importantes museos nacionales e internacionales. El reconocimiento art\u00edstico a Espa\u00f1a le llega en 1996, con la primera individual, y el gubernamental en 1999 con la co-representaci\u00f3n de Espa\u00f1a en la Bienal de Venecia. En 2008 es Premio Nacional de Artes Pl\u00e1sticas y en 2014, Premio Vel\u00e1zquez de Artes Pl\u00e1sticas. Su pr\u00e1ctica aborta la ficcionalidad, apela al intelecto ya la reflexi\u00f3n cr\u00edtica, a trav\u00e9s de acciones y objetos cotidianos que despiertan verdades sobre el espacio, el tiempo y la presencia.         <\/p>\n<p><a href=\"https:\/\/estherferrer.fr\/es\/\"> Web oficial Esther Ferrer<\/a><\/p>\n<p style=\"font-weight: 400;\"><strong>Recorrido del proyecto. \u00bfD\u00f3nde se encuentra la obra?<br \/>\n<\/strong>Se trata de una instalaci\u00f3n ef\u00edmera, realizada a prop\u00f3sito de la exposici\u00f3n <em>Entre l\u00edneas y cosas<\/em> , comisariada por Margarita Aizpuru, en la Sala A del CEART, Centro de Arte Tom\u00e1s y Valiente de Fuenlabrada, del 4 de febrero al 17 d abril de 2016.<\/p>\n<p style=\"font-weight: 400;\">La instalaci\u00f3n ha vuelto a presentarse, adaptada, en Buenos Aires.<\/p>\n<p><span style=\"font-weight: 400;\">En la <a href=\"https:\/\/estherferrer.fr\/es\/obras\/instalaciones\/todas-las-instalaciones\">p\u00e1gina web del artista<\/a> figura con el t\u00edtulo de <em>Feminicides.<\/em><\/span><\/p>\n<\/div>\n<\/div><\/div><\/div><div id=\"pgc-11744-1-1\"  class=\"panel-grid-cell\" ><div id=\"panel-11744-1-1-0\" class=\"so-panel widget widget_sow-editor panel-first-child panel-last-child\" data-index=\"2\" ><div\n\t\t\t\n\t\t\tclass=\"so-widget-sow-editor so-widget-sow-editor-base\"\n\t\t\t\n\t\t>\n<div class=\"siteorigin-widget-tinymce textwidget\">\n\t<p><strong>Otros proyectos<\/strong><\/p>\n<div><a href=\"https:\/\/www.youtube.com\/watch?v=eQAhstXYXd4\"><span lang=\"CA\">Conversaci\u00f3n entre Esther Ferrer y Rosario Peir\u00f3 en el Museo del Prado, 2019.<\/span><\/a><\/div>\n<div><a href=\"http:\/\/www.rtve.es\/alacarta\/videos\/metropolis\/metropolis-esther-ferrer\/1252983\/\"><span lang=\"CA\">Programa de RTVE, Metr\u00f3polis, 2011.<\/span><\/a><\/div>\n<\/div>\n<\/div><\/div><\/div><\/div><\/div>","protected":false},"excerpt":{"rendered":"<h5><a href=\"https:\/\/polititzacionsdelmalestar.org\/es\/ferrer-esther\/\">Esther Ferrer<\/a><\/h5>\n<li><a href=\"https:\/\/polititzacionsdelmalestar.org\/es\/109-sillas-mesa-y-maniqui\/\">109 sillas, mesa y maniqu\u00ed<\/a>, 2004-2005<\/li>\n","protected":false},"author":6,"featured_media":0,"comment_status":"closed","ping_status":"closed","sticky":false,"template":"","format":"standard","meta":{"footnotes":""},"categories":[206],"tags":[],"class_list":["post-11744","post","type-post","status-publish","format-standard","hentry","category-autoresarxiu-es"],"_links":{"self":[{"href":"https:\/\/polititzacionsdelmalestar.org\/es\/wp-json\/wp\/v2\/posts\/11744","targetHints":{"allow":["GET"]}}],"collection":[{"href":"https:\/\/polititzacionsdelmalestar.org\/es\/wp-json\/wp\/v2\/posts"}],"about":[{"href":"https:\/\/polititzacionsdelmalestar.org\/es\/wp-json\/wp\/v2\/types\/post"}],"author":[{"embeddable":true,"href":"https:\/\/polititzacionsdelmalestar.org\/es\/wp-json\/wp\/v2\/users\/6"}],"replies":[{"embeddable":true,"href":"https:\/\/polititzacionsdelmalestar.org\/es\/wp-json\/wp\/v2\/comments?post=11744"}],"version-history":[{"count":2,"href":"https:\/\/polititzacionsdelmalestar.org\/es\/wp-json\/wp\/v2\/posts\/11744\/revisions"}],"predecessor-version":[{"id":11748,"href":"https:\/\/polititzacionsdelmalestar.org\/es\/wp-json\/wp\/v2\/posts\/11744\/revisions\/11748"}],"wp:attachment":[{"href":"https:\/\/polititzacionsdelmalestar.org\/es\/wp-json\/wp\/v2\/media?parent=11744"}],"wp:term":[{"taxonomy":"category","embeddable":true,"href":"https:\/\/polititzacionsdelmalestar.org\/es\/wp-json\/wp\/v2\/categories?post=11744"},{"taxonomy":"post_tag","embeddable":true,"href":"https:\/\/polititzacionsdelmalestar.org\/es\/wp-json\/wp\/v2\/tags?post=11744"}],"curies":[{"name":"wp","href":"https:\/\/api.w.org\/{rel}","templated":true}]}}