


{"id":11604,"date":"2024-11-13T13:45:24","date_gmt":"2024-11-13T13:45:24","guid":{"rendered":"https:\/\/polititzacionsdelmalestar.org\/ancarola-nora\/"},"modified":"2025-01-08T06:53:20","modified_gmt":"2025-01-08T06:53:20","slug":"ancarola-nora","status":"publish","type":"post","link":"https:\/\/polititzacionsdelmalestar.org\/es\/ancarola-nora\/","title":{"rendered":"Ancarola, Nora"},"content":{"rendered":"<div id=\"pl-11604\"  class=\"panel-layout\" ><div id=\"pg-11604-0\"  class=\"panel-grid panel-no-style\" ><div id=\"pgc-11604-0-0\"  class=\"panel-grid-cell\" ><div id=\"panel-11604-0-0-0\" class=\"so-panel widget widget_sow-editor panel-first-child panel-last-child\" data-index=\"0\" ><div class=\"panel-widget-style panel-widget-style-for-11604-0-0-0\" ><div\n\t\t\t\n\t\t\tclass=\"so-widget-sow-editor so-widget-sow-editor-base\"\n\t\t\t\n\t\t>\n<div class=\"siteorigin-widget-tinymce textwidget\">\n\t<p style=\"text-align: center;\"><strong>Relatos para deconstruir la violencia machista desde la Historia del arte<\/strong><\/p>\n<\/div>\n<\/div><\/div><\/div><\/div><\/div><div id=\"pg-11604-1\"  class=\"panel-grid panel-no-style\" ><div id=\"pgc-11604-1-0\"  class=\"panel-grid-cell\" ><div id=\"panel-11604-1-0-0\" class=\"so-panel widget widget_sow-editor panel-first-child panel-last-child\" data-index=\"1\" ><div\n\t\t\t\n\t\t\tclass=\"so-widget-sow-editor so-widget-sow-editor-base\"\n\t\t\t\n\t\t><h3 class=\"widget-title\">Nora Ancarola<\/h3>\n<div class=\"siteorigin-widget-tinymce textwidget\">\n\t<div class=\"siteorigin-widget-tinymce textwidget\">\n<figure id=\"attachment_10897\" class=\"thumbnail wp-caption alignnone\" style=\"width: 300px\"><img loading=\"lazy\" decoding=\"async\" class=\"size-medium wp-image-10895\" src=\"https:\/\/polititzacionsdelmalestar.org\/wp-content\/uploads\/2024\/11\/01.CINTURO.DESTACADA-300x226.jpeg\" alt=\"\" width=\"300\" height=\"226\" srcset=\"https:\/\/polititzacionsdelmalestar.org\/wp-content\/uploads\/2024\/11\/01.CINTURO.DESTACADA-300x226.jpeg 300w, https:\/\/polititzacionsdelmalestar.org\/wp-content\/uploads\/2024\/11\/01.CINTURO.DESTACADA-1024x771.jpeg 1024w, https:\/\/polititzacionsdelmalestar.org\/wp-content\/uploads\/2024\/11\/01.CINTURO.DESTACADA-768x578.jpeg 768w, https:\/\/polititzacionsdelmalestar.org\/wp-content\/uploads\/2024\/11\/01.CINTURO.DESTACADA-1536x1157.jpeg 1536w, https:\/\/polititzacionsdelmalestar.org\/wp-content\/uploads\/2024\/11\/01.CINTURO.DESTACADA-728x548.jpeg 728w, https:\/\/polititzacionsdelmalestar.org\/wp-content\/uploads\/2024\/11\/01.CINTURO.DESTACADA-364x274.jpeg 364w, https:\/\/polititzacionsdelmalestar.org\/wp-content\/uploads\/2024\/11\/01.CINTURO.DESTACADA-520x392.jpeg 520w, https:\/\/polititzacionsdelmalestar.org\/wp-content\/uploads\/2024\/11\/01.CINTURO.DESTACADA-260x196.jpeg 260w, https:\/\/polititzacionsdelmalestar.org\/wp-content\/uploads\/2024\/11\/01.CINTURO.DESTACADA.jpeg 2040w\" sizes=\"auto, (max-width: 300px) 100vw, 300px\" \/><figcaption class=\"caption wp-caption-text\"><em>Fotograf\u00eda de la obra expuesta en la Fundaci\u00f3 Palau. Cortes\u00eda de la artista.<\/em><\/figcaption><\/figure>\n<\/div>\n<h5><a href=\"https:\/\/polititzacionsdelmalestar.org\/es\/cinturon-de-castidad\/\">Cintur\u00f3n de castidad. La clave<\/a><\/h5>\n<p>2024<\/p>\n<h3>Nora Ancarola<\/h3>\n<p style=\"font-weight: 400;\">Artista visual multidisciplinar y activista cultural nacida en Buenos Aires (1955). Trabaja en Barcelona desde 1978. Con Marga Ximenez dirige, desde 1998, MX Espai1010, un espacio de arte contempor\u00e1neo en Barcelona, \u200b\u200bde donde surge MX Edicions 1010, en 2004, que en 2008 recibe el Premio a las iniciativas de Asociaci\u00f3n de Cr\u00edticos de Arte de Catalu\u00f1a.<\/p>\n<p style=\"font-weight: 400;\">Coordina y comisar\u00eda proyectos y exposiciones colaborativas como <em>Videopack<\/em>, ciclo anual de v\u00eddeo-instalaciones, <em>Lo desconocido de los conocidos<\/em>, <em>Politizaciones del malestar<\/em>, <em>IN_CERT<\/em> y <em>Antes el lenguaje \/ Antes del lenguaje<\/em> , entre otros.<\/p>\n<p style=\"font-weight: 400;\">Su obra dialoga constantemente con las problem\u00e1ticas de la sociedad contempor\u00e1nea e interviene en el \u00e1mbito de lo p\u00fablico para visibilizar los malestares sist\u00e9micos y proponer reparaciones a partir de la reflexi\u00f3n y la acci\u00f3n a la que invita. Potencia, de esta forma, los procesos creativos para gestionar y transformar los malestares individuales y sociales.<\/p>\n<p style=\"font-weight: 400;\">Recibe varios premios y becas, como el Premio a la mejor publicaci\u00f3n del a\u00f1o 2018 (con Laia Manonelles y Daniel Gasol) por <em>Politizaciones del malestar<\/em>, otorgado por la Asociaci\u00f3n de Cr\u00edticos de Arte de Catalu\u00f1a, la beca Multiverso en 2020 ( BBVA) por <em>ON_LA LENGUA POR VENIR<\/em>, o el Premio a la mejor exposici\u00f3n hist\u00f3rica por la ACCA por<em> Otro fin. EL RESTO <\/em> (Centro de Cultura y Memoria de Barcelona) con Amanda Cuesta.<\/p>\n<p>Graduada en Artes por la Universidad de Barcelona (Espa\u00f1a), continua sus estudios en la C\u00e1tedra de Arte de Conducta en La Habana (Cuba) bajo la direcci\u00f3n de Tania Bruguera. Su trabajo se ha exhibido en bienales y museos de Europa, Latinoam\u00e9rica, Caribe, Oriente Medio y Estados Unidos. Tambi\u00e9n colabora con varios centros sociales autogestionados.<\/p>\n<p><a href=\"https:\/\/www.noraancarola.com\"> Web oficial Nora Ancarola<\/a><\/p>\n<\/div>\n<\/div><\/div><\/div><div id=\"pgc-11604-1-1\"  class=\"panel-grid-cell\" ><div id=\"panel-11604-1-1-0\" class=\"so-panel widget widget_sow-editor panel-first-child panel-last-child\" data-index=\"2\" ><div\n\t\t\t\n\t\t\tclass=\"so-widget-sow-editor so-widget-sow-editor-base\"\n\t\t\t\n\t\t>\n<div class=\"siteorigin-widget-tinymce textwidget\">\n\t<p><strong>Otros proyectos<\/strong><\/p>\n<p style=\"font-weight: 400;\"><a href=\"https:\/\/www.noraancarola.com\/NORA\/p\/1\/221\/0\/Antikeres\">Antikeres<\/a><\/p>\n<p style=\"font-weight: 400;\"><a href=\"https:\/\/www.noraancarola.com\/NORA\/p\/1\/277\/0\/El-projecte\">Tiempo de Plomo y Plata<\/a><\/p>\n<p style=\"font-weight: 400;\"><a href=\"https:\/\/www.noraancarola.com\/NORA\/p\/2\/359\/0\/Antes-del-lenguaje---Abans-el-llenguatge\">Antes el lenguaje \/ Antes del lenguaje<\/a><\/p>\n<p style=\"font-weight: 400;\"><a href=\"http:\/\/www.geifco.org\/actionart\/actionart03\/entidades_03\/peqFormato\/mx.htm\">MX Espacio1010<\/a><\/p>\n<\/div>\n<\/div><\/div><\/div><\/div><\/div>","protected":false},"excerpt":{"rendered":"<h5><a href=\"https:\/\/polititzacionsdelmalestar.org\/es\/ancarola-nora\/\">Nora Ancarola<\/a><\/h5>\n<li><a href=\"https:\/\/polititzacionsdelmalestar.org\/es\/cinturon-de-castidad\/\">Cintur\u00f3n de castidad. La clave<\/a>, 2004-2005<\/li>\n","protected":false},"author":6,"featured_media":0,"comment_status":"closed","ping_status":"closed","sticky":false,"template":"","format":"standard","meta":{"footnotes":""},"categories":[206],"tags":[],"class_list":["post-11604","post","type-post","status-publish","format-standard","hentry","category-autoresarxiu-es"],"_links":{"self":[{"href":"https:\/\/polititzacionsdelmalestar.org\/es\/wp-json\/wp\/v2\/posts\/11604","targetHints":{"allow":["GET"]}}],"collection":[{"href":"https:\/\/polititzacionsdelmalestar.org\/es\/wp-json\/wp\/v2\/posts"}],"about":[{"href":"https:\/\/polititzacionsdelmalestar.org\/es\/wp-json\/wp\/v2\/types\/post"}],"author":[{"embeddable":true,"href":"https:\/\/polititzacionsdelmalestar.org\/es\/wp-json\/wp\/v2\/users\/6"}],"replies":[{"embeddable":true,"href":"https:\/\/polititzacionsdelmalestar.org\/es\/wp-json\/wp\/v2\/comments?post=11604"}],"version-history":[{"count":3,"href":"https:\/\/polititzacionsdelmalestar.org\/es\/wp-json\/wp\/v2\/posts\/11604\/revisions"}],"predecessor-version":[{"id":11609,"href":"https:\/\/polititzacionsdelmalestar.org\/es\/wp-json\/wp\/v2\/posts\/11604\/revisions\/11609"}],"wp:attachment":[{"href":"https:\/\/polititzacionsdelmalestar.org\/es\/wp-json\/wp\/v2\/media?parent=11604"}],"wp:term":[{"taxonomy":"category","embeddable":true,"href":"https:\/\/polititzacionsdelmalestar.org\/es\/wp-json\/wp\/v2\/categories?post=11604"},{"taxonomy":"post_tag","embeddable":true,"href":"https:\/\/polititzacionsdelmalestar.org\/es\/wp-json\/wp\/v2\/tags?post=11604"}],"curies":[{"name":"wp","href":"https:\/\/api.w.org\/{rel}","templated":true}]}}