


{"id":11601,"date":"2024-11-13T13:58:25","date_gmt":"2024-11-13T13:58:25","guid":{"rendered":"https:\/\/polititzacionsdelmalestar.org\/cinturon-de-castidad\/"},"modified":"2025-01-08T14:45:02","modified_gmt":"2025-01-08T14:45:02","slug":"cinturon-de-castidad","status":"publish","type":"post","link":"https:\/\/polititzacionsdelmalestar.org\/es\/cinturon-de-castidad\/","title":{"rendered":"Cintur\u00f3n de castidad"},"content":{"rendered":"<div id=\"pl-11601\"  class=\"panel-layout\" ><div id=\"pg-11601-0\"  class=\"panel-grid panel-no-style\" ><div id=\"pgc-11601-0-0\"  class=\"panel-grid-cell\" ><div id=\"panel-11601-0-0-0\" class=\"so-panel widget widget_sow-editor panel-first-child\" data-index=\"0\" ><div class=\"panel-widget-style panel-widget-style-for-11601-0-0-0\" ><div\n\t\t\t\n\t\t\tclass=\"so-widget-sow-editor so-widget-sow-editor-base\"\n\t\t\t\n\t\t>\n<div class=\"siteorigin-widget-tinymce textwidget\">\n\t<p style=\"text-align: center;\"><strong>Relatos para deconstruir la violencia machista desde la Historia del arte<\/strong><\/p>\n<\/div>\n<\/div><\/div><\/div><div id=\"panel-11601-0-0-1\" class=\"so-panel widget widget_virtue_gallery_widget virtue_gallery_widget\" data-index=\"1\" ><h3 class=\"widget-title\">Cintur\u00f3n de castidad. La clave\u00a0<\/h3><div id=\"kad-wp-gallery45\" class=\"kad-wp-gallery gallery kt-gallery-column-1 init-isotope-intrinsic reinit-isotope kad-light-wp-gallery clearfix rowtight\" data-fade-in=\"1\" data-iso-selector=\".g_item\" data-iso-style=\"masonry\" data-iso-filter=\"false\"><div class=\"tcol-lg-12 tcol-md-12 tcol-sm-12 tcol-xs-12 tcol-ss-12 g_item\"><div class=\"grid_item kt_item_fade_in kad_gallery_fade_in gallery_item\"><a href=\"https:\/\/polititzacionsdelmalestar.org\/wp-content\/uploads\/2024\/11\/01.CINTURO.DESTACADA.jpeg\" data-rel=\"lightbox\" class=\"lightboxhover\"><div class=\"kt-intrinsic\" style=\"padding-bottom:100%;\"><div itemprop=\"image\" itemscope itemtype=\"https:\/\/schema.org\/ImageObject\"><img loading=\"lazy\" decoding=\"async\" width=\"560\" height=\"560\" src=\"https:\/\/polititzacionsdelmalestar.org\/wp-content\/uploads\/2024\/11\/01.CINTURO.DESTACADA-560x560.jpeg\" srcset=\"https:\/\/polititzacionsdelmalestar.org\/wp-content\/uploads\/2024\/11\/01.CINTURO.DESTACADA-560x560.jpeg 560w, https:\/\/polititzacionsdelmalestar.org\/wp-content\/uploads\/2024\/11\/01.CINTURO.DESTACADA-150x150.jpeg 150w, https:\/\/polititzacionsdelmalestar.org\/wp-content\/uploads\/2024\/11\/01.CINTURO.DESTACADA-1120x1120.jpeg 1120w\" sizes=\"auto, (max-width: 560px) 100vw, 560px\" data-caption=\"Fotografia de l\u2019obra exposada a la Fundaci\u00f3 Palau. Cortesia de l\u2019artista\" class=\"light-dropshaddow\" itemprop=\"contentUrl\" alt=\"\"><meta itemprop=\"url\" content=\"https:\/\/polititzacionsdelmalestar.org\/wp-content\/uploads\/2024\/11\/01.CINTURO.DESTACADA-560x560.jpeg\"><meta itemprop=\"width\" content=\"560px\"><meta itemprop=\"height\" content=\"560px\"><\/div><\/div><div class=\"caption kad_caption\"><div class=\"kad_caption_inner\">Fotografia de l\u2019obra exposada a la Fundaci\u00f3 Palau. Cortesia de l\u2019artista<\/div><\/div><\/a><\/div><\/div><\/div><\/div><div id=\"panel-11601-0-0-2\" class=\"so-panel widget widget_sow-editor panel-last-child\" data-index=\"2\" ><div\n\t\t\t\n\t\t\tclass=\"so-widget-sow-editor so-widget-sow-editor-base\"\n\t\t\t\n\t\t>\n<div class=\"siteorigin-widget-tinymce textwidget\">\n\t<p>2024<\/p>\n<p style=\"font-weight: 400;\">La obra <em>Cintur\u00f3n de castidad. La clave<\/em>, se enmarca en la exposici\u00f3n itinerante <em>Del olvido a la revuelta. Diosas invisibles<\/em>, comisariada por Fina Duran y Txema Romero y organizada por el Departamento de Cultura de la Generalitat de Catalunya. La muestra pretende rescatar del olvido a artistas que han sido invisibilizadas por los circuitos oficiales del arte en di\u00e1logo con diferentes creadoras contempor\u00e1neas, bajo el hilo conductor de figuras de la mitolog\u00eda y la cultura greco-latina. En su paso por la Fundaci\u00f3n Palau Centro de Arte en Caldes d'Estrac, y a instancias de Virginia M. Raimundi, artista arraigada en la localidad, Ancarola presenta su obra en relaci\u00f3n con Safo (S. VII-IV aC). Recupera el esp\u00edritu libre y rebelde de la poetisa griega, exiliada en Siracusa, cuya homosexualidad fue silenciada durante el cristianismo. As\u00ed, el cintur\u00f3n de castidad y su continente (elaborados con plomo, fieltro y neopreno) remite a las quinielas y barreras a las que muchas mujeres se ven abocadas por parte del poder institucional y religioso con la intenci\u00f3n de enmascarar las disidencias sexuales, y la clave de plata (elaborada con la colaboraci\u00f3n de Agn\u00e8s WO) en la liberaci\u00f3n de aquellas represiones y la consecuci\u00f3n de su identidad.<\/p>\n<p style=\"font-weight: 400;\"><strong>Recorrido del proyecto. \u00bfD\u00f3nde se encuentra la obra?<br \/>\n<\/strong>2024-2025 - Sala Artigues, Fundaci\u00f3n Palau Centro de Arte. Caldes de Estrac.<\/p>\n<p>.<\/p>\n<\/div>\n<\/div><\/div><\/div><div id=\"pgc-11601-0-1\"  class=\"panel-grid-cell\" ><div id=\"panel-11601-0-1-0\" class=\"so-panel widget widget_sow-editor panel-first-child\" data-index=\"3\" ><div\n\t\t\t\n\t\t\tclass=\"so-widget-sow-editor so-widget-sow-editor-base\"\n\t\t\t\n\t\t>\n<div class=\"siteorigin-widget-tinymce textwidget\">\n\t<\/div>\n<\/div><\/div><div id=\"panel-11601-0-1-1\" class=\"so-panel widget widget_sow-editor\" data-index=\"4\" ><div\n\t\t\t\n\t\t\tclass=\"so-widget-sow-editor so-widget-sow-editor-base\"\n\t\t\t\n\t\t>\n<div class=\"siteorigin-widget-tinymce textwidget\">\n\t<h5><a href=\"https:\/\/polititzacionsdelmalestar.org\/es\/ancarola-nora\/\">Nora Ancarola<\/a><\/h5>\n<h4>Documentos media<\/h4>\n<div><a href=\"https:\/\/www.fundaciopalau.cat\/event\/exposicio-de-loblit-a-la-revolta\/\"><span lang=\"CA\">Exposici\u00f3n <i>Del olvido a la revuelta<\/i> en la Fundaci\u00f3 Palau<\/span><\/a><\/div>\n<div><a href=\"https:\/\/polititzacionsdelmalestar.org\/wp-content\/uploads\/2024\/11\/CATALEG.pdf\" target=\"_blank\" rel=\"noopener\">Cat\u00e1logo de la exposici\u00f3n<\/a><\/div>\n<div>\n<div><a href=\"https:\/\/cultura.gencat.cat\/ca\/detall\/Articles\/De-loblit-a-la-revolta\"><span lang=\"CA\">Datos generales sobre la exposici\u00f3n itinerante <\/span><\/a><\/div>\n<\/div>\n<h4>Fotos del proyecto<\/h4>\n<\/div>\n<\/div><\/div><div id=\"panel-11601-0-1-2\" class=\"so-panel widget widget_virtue_gallery_widget virtue_gallery_widget panel-last-child\" data-index=\"5\" ><div id=\"kad-wp-gallery41\" class=\"kad-wp-gallery gallery kt-gallery-column-1 init-isotope-intrinsic reinit-isotope kad-light-wp-gallery clearfix rowtight\" data-fade-in=\"1\" data-iso-selector=\".g_item\" data-iso-style=\"masonry\" data-iso-filter=\"false\"><div class=\"tcol-lg-12 tcol-md-12 tcol-sm-12 tcol-xs-12 tcol-ss-12 g_item\"><div class=\"grid_item kt_item_fade_in kad_gallery_fade_in gallery_item\"><a href=\"https:\/\/polititzacionsdelmalestar.org\/wp-content\/uploads\/2024\/11\/07.CLAU_.jpeg\" data-rel=\"lightbox\" class=\"lightboxhover\"><div class=\"kt-intrinsic\" style=\"padding-bottom:100%;\"><div itemprop=\"image\" itemscope itemtype=\"https:\/\/schema.org\/ImageObject\"><img loading=\"lazy\" decoding=\"async\" width=\"560\" height=\"560\" src=\"https:\/\/polititzacionsdelmalestar.org\/wp-content\/uploads\/2024\/11\/07.CLAU_-560x560.jpeg\" srcset=\"https:\/\/polititzacionsdelmalestar.org\/wp-content\/uploads\/2024\/11\/07.CLAU_-560x560.jpeg 560w, https:\/\/polititzacionsdelmalestar.org\/wp-content\/uploads\/2024\/11\/07.CLAU_-150x150.jpeg 150w, https:\/\/polititzacionsdelmalestar.org\/wp-content\/uploads\/2024\/11\/07.CLAU_-1120x1120.jpeg 1120w\" sizes=\"auto, (max-width: 560px) 100vw, 560px\" data-caption=\"\" class=\"light-dropshaddow\" itemprop=\"contentUrl\" alt=\"\"><meta itemprop=\"url\" content=\"https:\/\/polititzacionsdelmalestar.org\/wp-content\/uploads\/2024\/11\/07.CLAU_-560x560.jpeg\"><meta itemprop=\"width\" content=\"560px\"><meta itemprop=\"height\" content=\"560px\"><\/div><\/div><\/a><\/div><\/div><div class=\"tcol-lg-12 tcol-md-12 tcol-sm-12 tcol-xs-12 tcol-ss-12 g_item\"><div class=\"grid_item kt_item_fade_in kad_gallery_fade_in gallery_item\"><a href=\"https:\/\/polititzacionsdelmalestar.org\/wp-content\/uploads\/2024\/11\/06.CLAU_.jpeg\" data-rel=\"lightbox\" class=\"lightboxhover\"><div class=\"kt-intrinsic\" style=\"padding-bottom:100%;\"><div itemprop=\"image\" itemscope itemtype=\"https:\/\/schema.org\/ImageObject\"><img loading=\"lazy\" decoding=\"async\" width=\"560\" height=\"560\" src=\"https:\/\/polititzacionsdelmalestar.org\/wp-content\/uploads\/2024\/11\/06.CLAU_-560x560.jpeg\" srcset=\"https:\/\/polititzacionsdelmalestar.org\/wp-content\/uploads\/2024\/11\/06.CLAU_-560x560.jpeg 560w, https:\/\/polititzacionsdelmalestar.org\/wp-content\/uploads\/2024\/11\/06.CLAU_-150x150.jpeg 150w, https:\/\/polititzacionsdelmalestar.org\/wp-content\/uploads\/2024\/11\/06.CLAU_-1120x1120.jpeg 1120w\" sizes=\"auto, (max-width: 560px) 100vw, 560px\" data-caption=\"\" class=\"light-dropshaddow\" itemprop=\"contentUrl\" alt=\"\"><meta itemprop=\"url\" content=\"https:\/\/polititzacionsdelmalestar.org\/wp-content\/uploads\/2024\/11\/06.CLAU_-560x560.jpeg\"><meta itemprop=\"width\" content=\"560px\"><meta itemprop=\"height\" content=\"560px\"><\/div><\/div><\/a><\/div><\/div><div class=\"tcol-lg-12 tcol-md-12 tcol-sm-12 tcol-xs-12 tcol-ss-12 g_item\"><div class=\"grid_item kt_item_fade_in kad_gallery_fade_in gallery_item\"><a href=\"https:\/\/polititzacionsdelmalestar.org\/wp-content\/uploads\/2024\/11\/05.CLAU_.jpeg\" data-rel=\"lightbox\" class=\"lightboxhover\"><div class=\"kt-intrinsic\" style=\"padding-bottom:100%;\"><div itemprop=\"image\" itemscope itemtype=\"https:\/\/schema.org\/ImageObject\"><img loading=\"lazy\" decoding=\"async\" width=\"560\" height=\"560\" src=\"https:\/\/polititzacionsdelmalestar.org\/wp-content\/uploads\/2024\/11\/05.CLAU_-560x560.jpeg\" srcset=\"https:\/\/polititzacionsdelmalestar.org\/wp-content\/uploads\/2024\/11\/05.CLAU_-560x560.jpeg 560w, https:\/\/polititzacionsdelmalestar.org\/wp-content\/uploads\/2024\/11\/05.CLAU_-150x150.jpeg 150w, https:\/\/polititzacionsdelmalestar.org\/wp-content\/uploads\/2024\/11\/05.CLAU_-1120x1120.jpeg 1120w\" sizes=\"auto, (max-width: 560px) 100vw, 560px\" data-caption=\"\" class=\"light-dropshaddow\" itemprop=\"contentUrl\" alt=\"\"><meta itemprop=\"url\" content=\"https:\/\/polititzacionsdelmalestar.org\/wp-content\/uploads\/2024\/11\/05.CLAU_-560x560.jpeg\"><meta itemprop=\"width\" content=\"560px\"><meta itemprop=\"height\" content=\"560px\"><\/div><\/div><\/a><\/div><\/div><div class=\"tcol-lg-12 tcol-md-12 tcol-sm-12 tcol-xs-12 tcol-ss-12 g_item\"><div class=\"grid_item kt_item_fade_in kad_gallery_fade_in gallery_item\"><a href=\"https:\/\/polititzacionsdelmalestar.org\/wp-content\/uploads\/2024\/11\/04.CINTURO.jpeg\" data-rel=\"lightbox\" class=\"lightboxhover\"><div class=\"kt-intrinsic\" style=\"padding-bottom:100%;\"><div itemprop=\"image\" itemscope itemtype=\"https:\/\/schema.org\/ImageObject\"><img loading=\"lazy\" decoding=\"async\" width=\"560\" height=\"560\" src=\"https:\/\/polititzacionsdelmalestar.org\/wp-content\/uploads\/2024\/11\/04.CINTURO-560x560.jpeg\" srcset=\"https:\/\/polititzacionsdelmalestar.org\/wp-content\/uploads\/2024\/11\/04.CINTURO-560x560.jpeg 560w, https:\/\/polititzacionsdelmalestar.org\/wp-content\/uploads\/2024\/11\/04.CINTURO-150x150.jpeg 150w, https:\/\/polititzacionsdelmalestar.org\/wp-content\/uploads\/2024\/11\/04.CINTURO-1120x1120.jpeg 1120w\" sizes=\"auto, (max-width: 560px) 100vw, 560px\" data-caption=\"\" class=\"light-dropshaddow\" itemprop=\"contentUrl\" alt=\"\"><meta itemprop=\"url\" content=\"https:\/\/polititzacionsdelmalestar.org\/wp-content\/uploads\/2024\/11\/04.CINTURO-560x560.jpeg\"><meta itemprop=\"width\" content=\"560px\"><meta itemprop=\"height\" content=\"560px\"><\/div><\/div><\/a><\/div><\/div><div class=\"tcol-lg-12 tcol-md-12 tcol-sm-12 tcol-xs-12 tcol-ss-12 g_item\"><div class=\"grid_item kt_item_fade_in kad_gallery_fade_in gallery_item\"><a href=\"https:\/\/polititzacionsdelmalestar.org\/wp-content\/uploads\/2024\/11\/03.CINTURO.jpeg\" data-rel=\"lightbox\" class=\"lightboxhover\"><div class=\"kt-intrinsic\" style=\"padding-bottom:100%;\"><div itemprop=\"image\" itemscope itemtype=\"https:\/\/schema.org\/ImageObject\"><img loading=\"lazy\" decoding=\"async\" width=\"560\" height=\"560\" src=\"https:\/\/polititzacionsdelmalestar.org\/wp-content\/uploads\/2024\/11\/03.CINTURO-560x560.jpeg\" srcset=\"https:\/\/polititzacionsdelmalestar.org\/wp-content\/uploads\/2024\/11\/03.CINTURO-560x560.jpeg 560w, https:\/\/polititzacionsdelmalestar.org\/wp-content\/uploads\/2024\/11\/03.CINTURO-150x150.jpeg 150w, https:\/\/polititzacionsdelmalestar.org\/wp-content\/uploads\/2024\/11\/03.CINTURO-1120x1120.jpeg 1120w\" sizes=\"auto, (max-width: 560px) 100vw, 560px\" data-caption=\"\" class=\"light-dropshaddow\" itemprop=\"contentUrl\" alt=\"\"><meta itemprop=\"url\" content=\"https:\/\/polititzacionsdelmalestar.org\/wp-content\/uploads\/2024\/11\/03.CINTURO-560x560.jpeg\"><meta itemprop=\"width\" content=\"560px\"><meta itemprop=\"height\" content=\"560px\"><\/div><\/div><\/a><\/div><\/div><div class=\"tcol-lg-12 tcol-md-12 tcol-sm-12 tcol-xs-12 tcol-ss-12 g_item\"><div class=\"grid_item kt_item_fade_in kad_gallery_fade_in gallery_item\"><a href=\"https:\/\/polititzacionsdelmalestar.org\/wp-content\/uploads\/2024\/11\/02.CINTURO.jpeg\" data-rel=\"lightbox\" class=\"lightboxhover\"><div class=\"kt-intrinsic\" style=\"padding-bottom:100%;\"><div itemprop=\"image\" itemscope itemtype=\"https:\/\/schema.org\/ImageObject\"><img loading=\"lazy\" decoding=\"async\" width=\"560\" height=\"560\" src=\"https:\/\/polititzacionsdelmalestar.org\/wp-content\/uploads\/2024\/11\/02.CINTURO-560x560.jpeg\" srcset=\"https:\/\/polititzacionsdelmalestar.org\/wp-content\/uploads\/2024\/11\/02.CINTURO-560x560.jpeg 560w, https:\/\/polititzacionsdelmalestar.org\/wp-content\/uploads\/2024\/11\/02.CINTURO-150x150.jpeg 150w, https:\/\/polititzacionsdelmalestar.org\/wp-content\/uploads\/2024\/11\/02.CINTURO-1120x1120.jpeg 1120w\" sizes=\"auto, (max-width: 560px) 100vw, 560px\" data-caption=\"Gislaine i Valentina amb el cintur\u00f3. Cortesia de l\u2019artista\" class=\"light-dropshaddow\" itemprop=\"contentUrl\" alt=\"\"><meta itemprop=\"url\" content=\"https:\/\/polititzacionsdelmalestar.org\/wp-content\/uploads\/2024\/11\/02.CINTURO-560x560.jpeg\"><meta itemprop=\"width\" content=\"560px\"><meta itemprop=\"height\" content=\"560px\"><\/div><\/div><div class=\"caption kad_caption\"><div class=\"kad_caption_inner\">Gislaine i Valentina amb el cintur\u00f3. Cortesia de l\u2019artista<\/div><\/div><\/a><\/div><\/div><\/div><\/div><\/div><\/div><\/div>","protected":false},"excerpt":{"rendered":"<h3><a href=\"https:\/\/polititzacionsdelmalestar.org\/es\/cinturon-de-castidad\/\">Cintur\u00f3n de castidad<\/a><\/h3>\n<p>2023<br \/>\n<a href=\"https:\/\/polititzacionsdelmalestar.org\/10890\/nora-ancarola-2\/\"><strong>Nora Ancarola<\/strong><\/a><\/p>\n","protected":false},"author":6,"featured_media":10897,"comment_status":"closed","ping_status":"closed","sticky":false,"template":"","format":"standard","meta":{"footnotes":""},"categories":[205],"tags":[],"class_list":["post-11601","post","type-post","status-publish","format-standard","has-post-thumbnail","hentry","category-projectesarxiu-es"],"_links":{"self":[{"href":"https:\/\/polititzacionsdelmalestar.org\/es\/wp-json\/wp\/v2\/posts\/11601","targetHints":{"allow":["GET"]}}],"collection":[{"href":"https:\/\/polititzacionsdelmalestar.org\/es\/wp-json\/wp\/v2\/posts"}],"about":[{"href":"https:\/\/polititzacionsdelmalestar.org\/es\/wp-json\/wp\/v2\/types\/post"}],"author":[{"embeddable":true,"href":"https:\/\/polititzacionsdelmalestar.org\/es\/wp-json\/wp\/v2\/users\/6"}],"replies":[{"embeddable":true,"href":"https:\/\/polititzacionsdelmalestar.org\/es\/wp-json\/wp\/v2\/comments?post=11601"}],"version-history":[{"count":4,"href":"https:\/\/polititzacionsdelmalestar.org\/es\/wp-json\/wp\/v2\/posts\/11601\/revisions"}],"predecessor-version":[{"id":11608,"href":"https:\/\/polititzacionsdelmalestar.org\/es\/wp-json\/wp\/v2\/posts\/11601\/revisions\/11608"}],"wp:featuredmedia":[{"embeddable":true,"href":"https:\/\/polititzacionsdelmalestar.org\/es\/wp-json\/wp\/v2\/media\/10897"}],"wp:attachment":[{"href":"https:\/\/polititzacionsdelmalestar.org\/es\/wp-json\/wp\/v2\/media?parent=11601"}],"wp:term":[{"taxonomy":"category","embeddable":true,"href":"https:\/\/polititzacionsdelmalestar.org\/es\/wp-json\/wp\/v2\/categories?post=11601"},{"taxonomy":"post_tag","embeddable":true,"href":"https:\/\/polititzacionsdelmalestar.org\/es\/wp-json\/wp\/v2\/tags?post=11601"}],"curies":[{"name":"wp","href":"https:\/\/api.w.org\/{rel}","templated":true}]}}