


{"id":11597,"date":"2024-11-11T11:13:07","date_gmt":"2024-11-11T11:13:07","guid":{"rendered":"https:\/\/polititzacionsdelmalestar.org\/valldosera-eulalia\/"},"modified":"2025-01-14T15:24:42","modified_gmt":"2025-01-14T15:24:42","slug":"valldosera-eulalia","status":"publish","type":"post","link":"https:\/\/polititzacionsdelmalestar.org\/es\/valldosera-eulalia\/","title":{"rendered":"Valldosera, Eulalia"},"content":{"rendered":"<div id=\"pl-11597\"  class=\"panel-layout\" ><div id=\"pg-11597-0\"  class=\"panel-grid panel-no-style\" ><div id=\"pgc-11597-0-0\"  class=\"panel-grid-cell\" ><div id=\"panel-11597-0-0-0\" class=\"so-panel widget widget_sow-editor panel-first-child\" data-index=\"0\" ><div class=\"panel-widget-style panel-widget-style-for-11597-0-0-0\" ><div\n\t\t\t\n\t\t\tclass=\"so-widget-sow-editor so-widget-sow-editor-base\"\n\t\t\t\n\t\t>\n<div class=\"siteorigin-widget-tinymce textwidget\">\n\t<p style=\"text-align: center;\"><strong>Relatos para deconstruir la violencia machista desde la Historia del arte<\/strong><\/p>\n<\/div>\n<\/div><\/div><\/div><div id=\"panel-11597-0-0-1\" class=\"so-panel widget widget_sow-editor panel-last-child\" data-index=\"1\" ><div\n\t\t\t\n\t\t\tclass=\"so-widget-sow-editor so-widget-sow-editor-base\"\n\t\t\t\n\t\t><h3 class=\"widget-title\">Eulalia Valldosera<\/h3>\n<div class=\"siteorigin-widget-tinymce textwidget\">\n\t<\/div>\n<\/div><\/div><\/div><\/div><div id=\"pg-11597-1\"  class=\"panel-grid panel-no-style\" ><div id=\"pgc-11597-1-0\"  class=\"panel-grid-cell\" ><div id=\"panel-11597-1-0-0\" class=\"so-panel widget widget_sow-editor panel-first-child\" data-index=\"2\" ><div\n\t\t\t\n\t\t\tclass=\"so-widget-sow-editor so-widget-sow-editor-base\"\n\t\t\t\n\t\t>\n<div class=\"siteorigin-widget-tinymce textwidget\">\n\t<p><img loading=\"lazy\" decoding=\"async\" class=\"foto_completa\" src=\"https:\/\/polititzacionsdelmalestar.org\/wp-content\/uploads\/2017\/11\/01-G.jpg\" alt=\"Constelaciones #2 Gemma (2003), stills del video \u00a9VEGAP\" width=\"1000\" height=\"667\" \/><\/p>\n<p><em>Constelaciones #2 Gemma (2003),<\/em> stills <em>del v\u00eddeo \u00a9VEGAP.<\/em><\/p>\n<h5><a href=\"https:\/\/polititzacionsdelmalestar.org\/es\/constelaciones-1v-2g\/\">Constelaciones (#1 Valentina, #2 Gemma)<\/a><\/h5>\n<p>2003<\/p>\n<\/div>\n<\/div><\/div><div id=\"panel-11597-1-0-1\" class=\"so-panel widget widget_sow-editor panel-last-child\" data-index=\"3\" ><div\n\t\t\t\n\t\t\tclass=\"so-widget-sow-editor so-widget-sow-editor-base\"\n\t\t\t\n\t\t>\n<div class=\"siteorigin-widget-tinymce textwidget\">\n\t<p>Nacida en 1963 en Vilafranca del Pened\u00e8s, vivi\u00f3 en Holanda y Alemania mientras representaba a nuestro pa\u00eds en numerosas bienales internacionales durante la d\u00e9cada de los '90, siendo todav\u00eda una desconocida aqui. El impacto de su retrospectiva que le dedic\u00f3 la <em>Fundaci\u00f3 Antoni T\u00e0pies<\/em> (Barcelona) y <em>Witte de With<\/em> (Rotterdam) en 2001 le procur\u00f3 el <em>Premio Nacional<\/em> que otorga la Generalitat a Catalunya. M\u00e1s recientemente su individual en el <em>Museo Reina Sof\u00eda<\/em> (2009) la situ\u00f3 como pionera y figura generatriz de una forma de hacer que recorre transversalmente todos los medios.<\/p>\n<p>Sus \u00faltimas investigaciones son un punto de inflexi\u00f3n en su carrera, proponiendo el ensamblaje entre su habilidad como sanadora y\/o canalizadora y su trabajo art\u00edstico. Por un lado, los talleres en los que inicia a sus participantes en el manejo del cuerpo energ\u00e9tico en combinaci\u00f3n con sus habituales herramientas como artista mediante la luz, el lenguaje del cuerpo y la instalaci\u00f3n objetual en el espacio. Por otro, sus obras-ensayo como <em>Econom\u00eda del azar divino<\/em> (2013) en la Fundaci\u00f3n Mir\u00f3, o <em>Agua informada en Halfhouse<\/em> (Barcelona), son el precedente de su nueva apuesta: <em>Econom\u00eda de la visi\u00f3n<\/em>, una serie de lecturas con las que sana espacios en v\u00edas de cambio.<\/p>\n<p><a href=\"https:\/\/eulaliavalldosera.com\" target=\"_blank\" rel=\"noopener\">Web oficial Eulalia Valldosera<\/a> .<\/p>\n<p><a href=\"http:\/\/www.rtve.es\/alacarta\/videos\/creadores\/aventura-del-saber-serie-documental-creadores-eulalia-valldosera\/2751510\/\" target=\"_blank\" rel=\"noopener\">http:\/\/www.rtve.es\/alacarta\/videos\/creadores\/aventura-del-saber-serie-documental-creadores-eulalia-valldosera\/2751510\/<\/a><\/p>\n<\/div>\n<\/div><\/div><\/div><div id=\"pgc-11597-1-1\"  class=\"panel-grid-cell\" ><div id=\"panel-11597-1-1-0\" class=\"so-panel widget widget_sow-editor panel-first-child panel-last-child\" data-index=\"4\" ><div\n\t\t\t\n\t\t\tclass=\"so-widget-sow-editor so-widget-sow-editor-base\"\n\t\t\t\n\t\t>\n<div class=\"siteorigin-widget-tinymce textwidget\">\n\t<p><strong>Nota<\/strong><br \/>\n \u00c9sta es una selecci\u00f3n de las obras de la autora que se enmarcan en los conceptos de Politizaciones del malestar.<\/p>\n<h4><\/h4>\n<p><strong>Otros proyectos  <\/strong><\/p>\n<p><em>- <a href=\"http:\/\/eulaliavalldosera.com\/penelope\/project\/\" target=\"_blank\" rel=\"noopener\">Pen\u00e9lope tiene voz<\/a><\/em><\/p>\n<p>-  <a href=\"https:\/\/eulaliavalldosera.com\/wp-content\/uploads\/2018\/01\/Il-Canto-PLASTIC-MANTRA-original-i-traduccions.pdf\" target=\"_blank\" rel=\"noopener\">Pl\u00e1stico mantra. <\/a><\/p>\n<\/div>\n<\/div><\/div><\/div><\/div><\/div>","protected":false},"excerpt":{"rendered":"<h5><a href=\"https:\/\/polititzacionsdelmalestar.org\/es\/valldosera-eulalia\/\">Eulalia Valldosera<\/a><\/h5>\n<li><a href=\"https:\/\/polititzacionsdelmalestar.org\/es\/constelaciones-1v-2g\/\">Constelaciones (#1 Valentina, #2 Gemma)<\/a>, 2003<\/li>\n","protected":false},"author":6,"featured_media":0,"comment_status":"closed","ping_status":"closed","sticky":false,"template":"","format":"standard","meta":{"footnotes":""},"categories":[206],"tags":[],"class_list":["post-11597","post","type-post","status-publish","format-standard","hentry","category-autoresarxiu-es"],"_links":{"self":[{"href":"https:\/\/polititzacionsdelmalestar.org\/es\/wp-json\/wp\/v2\/posts\/11597","targetHints":{"allow":["GET"]}}],"collection":[{"href":"https:\/\/polititzacionsdelmalestar.org\/es\/wp-json\/wp\/v2\/posts"}],"about":[{"href":"https:\/\/polititzacionsdelmalestar.org\/es\/wp-json\/wp\/v2\/types\/post"}],"author":[{"embeddable":true,"href":"https:\/\/polititzacionsdelmalestar.org\/es\/wp-json\/wp\/v2\/users\/6"}],"replies":[{"embeddable":true,"href":"https:\/\/polititzacionsdelmalestar.org\/es\/wp-json\/wp\/v2\/comments?post=11597"}],"version-history":[{"count":3,"href":"https:\/\/polititzacionsdelmalestar.org\/es\/wp-json\/wp\/v2\/posts\/11597\/revisions"}],"predecessor-version":[{"id":11849,"href":"https:\/\/polititzacionsdelmalestar.org\/es\/wp-json\/wp\/v2\/posts\/11597\/revisions\/11849"}],"wp:attachment":[{"href":"https:\/\/polititzacionsdelmalestar.org\/es\/wp-json\/wp\/v2\/media?parent=11597"}],"wp:term":[{"taxonomy":"category","embeddable":true,"href":"https:\/\/polititzacionsdelmalestar.org\/es\/wp-json\/wp\/v2\/categories?post=11597"},{"taxonomy":"post_tag","embeddable":true,"href":"https:\/\/polititzacionsdelmalestar.org\/es\/wp-json\/wp\/v2\/tags?post=11597"}],"curies":[{"name":"wp","href":"https:\/\/api.w.org\/{rel}","templated":true}]}}