


{"id":11581,"date":"2024-11-12T16:26:22","date_gmt":"2024-11-12T16:26:22","guid":{"rendered":"https:\/\/polititzacionsdelmalestar.org\/estado-de-malestar\/"},"modified":"2025-01-08T14:46:20","modified_gmt":"2025-01-08T14:46:20","slug":"estado-de-malestar","status":"publish","type":"post","link":"https:\/\/polititzacionsdelmalestar.org\/es\/estado-de-malestar\/","title":{"rendered":"Estado de Malestar"},"content":{"rendered":"<div id=\"pl-11581\"  class=\"panel-layout\" ><div id=\"pg-11581-0\"  class=\"panel-grid panel-no-style\" ><div id=\"pgc-11581-0-0\"  class=\"panel-grid-cell\" ><div id=\"panel-11581-0-0-0\" class=\"so-panel widget widget_sow-editor panel-first-child\" data-index=\"0\" ><div class=\"panel-widget-style panel-widget-style-for-11581-0-0-0\" ><div\n\t\t\t\n\t\t\tclass=\"so-widget-sow-editor so-widget-sow-editor-base\"\n\t\t\t\n\t\t>\n<div class=\"siteorigin-widget-tinymce textwidget\">\n\t<p style=\"text-align: center;\"><strong>Relatos para deconstruir la violencia machista desde la Historia del arte<\/strong><\/p>\n<\/div>\n<\/div><\/div><\/div><div id=\"panel-11581-0-0-1\" class=\"so-panel widget widget_virtue_gallery_widget virtue_gallery_widget\" data-index=\"1\" ><h3 class=\"widget-title\">Estado de Malestar (malestar_exhuberancia_anomalia)<\/h3><div id=\"kad-wp-gallery258\" class=\"kad-wp-gallery gallery kt-gallery-column-1 init-isotope-intrinsic reinit-isotope kad-light-wp-gallery clearfix rowtight\" data-fade-in=\"1\" data-iso-selector=\".g_item\" data-iso-style=\"masonry\" data-iso-filter=\"false\"><div class=\"tcol-lg-12 tcol-md-12 tcol-sm-12 tcol-xs-12 tcol-ss-12 g_item\"><div class=\"grid_item kt_item_fade_in kad_gallery_fade_in gallery_item\"><a href=\"https:\/\/polititzacionsdelmalestar.org\/wp-content\/uploads\/2024\/11\/fig.-2.-Mara-Ruido.-Estado-de-Malestar-malestar_exhuberancia_anomala.-2018.-Secuencia-del-vdeo-ensayo.-Imagen-cortesa-de-la-artista-scaled.jpg\" data-rel=\"lightbox\" class=\"lightboxhover\"><div class=\"kt-intrinsic\" style=\"padding-bottom:100%;\"><div itemprop=\"image\" itemscope itemtype=\"https:\/\/schema.org\/ImageObject\"><img loading=\"lazy\" decoding=\"async\" width=\"560\" height=\"560\" src=\"https:\/\/polititzacionsdelmalestar.org\/wp-content\/uploads\/2024\/11\/fig.-2.-Mara-Ruido.-Estado-de-Malestar-malestar_exhuberancia_anomala.-2018.-Secuencia-del-vdeo-ensayo.-Imagen-cortesa-de-la-artista-scaled-560x560.jpg\" srcset=\"https:\/\/polititzacionsdelmalestar.org\/wp-content\/uploads\/2024\/11\/fig.-2.-Mara-Ruido.-Estado-de-Malestar-malestar_exhuberancia_anomala.-2018.-Secuencia-del-vdeo-ensayo.-Imagen-cortesa-de-la-artista-scaled-560x560.jpg 560w, https:\/\/polititzacionsdelmalestar.org\/wp-content\/uploads\/2024\/11\/fig.-2.-Mara-Ruido.-Estado-de-Malestar-malestar_exhuberancia_anomala.-2018.-Secuencia-del-vdeo-ensayo.-Imagen-cortesa-de-la-artista-150x150.jpg 150w, https:\/\/polititzacionsdelmalestar.org\/wp-content\/uploads\/2024\/11\/fig.-2.-Mara-Ruido.-Estado-de-Malestar-malestar_exhuberancia_anomala.-2018.-Secuencia-del-vdeo-ensayo.-Imagen-cortesa-de-la-artista-scaled-1120x1120.jpg 1120w\" sizes=\"auto, (max-width: 560px) 100vw, 560px\" data-caption=\"Estado de Malestar (malestar_exhuberancia_anomal\u00eda) (2018).  Seq\u00fcencia del v\u00eddeo assaig. Cortesia de l\u2019artista.\" class=\"light-dropshaddow\" itemprop=\"contentUrl\" alt=\"\"><meta itemprop=\"url\" content=\"https:\/\/polititzacionsdelmalestar.org\/wp-content\/uploads\/2024\/11\/fig.-2.-Mara-Ruido.-Estado-de-Malestar-malestar_exhuberancia_anomala.-2018.-Secuencia-del-vdeo-ensayo.-Imagen-cortesa-de-la-artista-scaled-560x560.jpg\"><meta itemprop=\"width\" content=\"560px\"><meta itemprop=\"height\" content=\"560px\"><\/div><\/div><div class=\"caption kad_caption\"><div class=\"kad_caption_inner\">Estado de Malestar (malestar_exhuberancia_anomal\u00eda) (2018).  Seq\u00fcencia del v\u00eddeo assaig. Cortesia de l\u2019artista.<\/div><\/div><\/a><\/div><\/div><\/div><\/div><div id=\"panel-11581-0-0-2\" class=\"so-panel widget widget_sow-editor panel-last-child\" data-index=\"2\" ><div\n\t\t\t\n\t\t\tclass=\"so-widget-sow-editor so-widget-sow-editor-base\"\n\t\t\t\n\t\t>\n<div class=\"siteorigin-widget-tinymce textwidget\">\n\t<p>2018-2019<\/p>\n<p style=\"font-weight: 400;\">En su ensayo visual\u00a0<em>Estado de Malestar<\/em>\u00a0<em>(malestar_exhuberancia_anomal\u00eda)<\/em> (2018-2019),\u00a0Mar\u00eda Ruido recoge las reflexiones de mujeres diagnosticadas, pensadores y activistas, con el fin de reflexionar sobre la sintomatolog\u00eda social y las llamadas \"enfermedades del vac\u00edo\" (depresi\u00f3n, insomnio, ansiedad) vinculadas al \"realismo capitalista\". La artista entrevista a activistas y representantes del colectivo InsPiradas, de Madrid, y pone en di\u00e1logo su testimonio con las palabras de los fil\u00f3sofos Mark Fisher, Franco Berardi y Santiago L\u00f3pez Petit, del psiquiatra Guillermo Rendueles y del comisario Alfredo Aracil. Confecciona un relato audiovisual en el que expone la dimensi\u00f3n sist\u00e9mica del malestar y subraya la violencia estructural que reciben las mujeres diagnosticadas en el contexto del sistema psiqui\u00e1trico. Al mismo tiempo, el proyecto muestra c\u00f3mo la creaci\u00f3n puede convertirse en una herramienta para enfocar esta violencia machista sist\u00e9mica y explorar espacios de ayuda mutua y reparaci\u00f3n.<\/p>\n<\/div>\n<\/div><\/div><\/div><div id=\"pgc-11581-0-1\"  class=\"panel-grid-cell\" ><div id=\"panel-11581-0-1-0\" class=\"so-panel widget widget_sow-editor panel-first-child\" data-index=\"3\" ><div\n\t\t\t\n\t\t\tclass=\"so-widget-sow-editor so-widget-sow-editor-base\"\n\t\t\t\n\t\t>\n<div class=\"siteorigin-widget-tinymce textwidget\">\n\t<\/div>\n<\/div><\/div><div id=\"panel-11581-0-1-1\" class=\"so-panel widget widget_sow-editor\" data-index=\"4\" ><div\n\t\t\t\n\t\t\tclass=\"so-widget-sow-editor so-widget-sow-editor-base\"\n\t\t\t\n\t\t>\n<div class=\"siteorigin-widget-tinymce textwidget\">\n\t<h5><a href=\"https:\/\/polititzacionsdelmalestar.org\/es\/ruido-maria\/\">Mar\u00eda Ruido<\/a><\/h5>\n<h4>Documentos media<\/h4>\n<p><a href=\"https:\/\/doi.org\/10.3989\/aearte.2020.03\" target=\"_blank\" rel=\"noopener\">Manonelles Moner, L. (2020).<br \/>\nEstado de malestar (malestar_exhuberancia_anomal\u00eda): el ensayo visual como catalizador de experiencias compartidas. Archivo Espa\u00f1ol De Arte, 93(369), 39\u201354.<\/a><\/p>\n<h4>Fotos del proyecto<\/h4>\n<\/div>\n<\/div><\/div><div id=\"panel-11581-0-1-2\" class=\"so-panel widget widget_virtue_gallery_widget virtue_gallery_widget panel-last-child\" data-index=\"5\" ><div id=\"kad-wp-gallery956\" class=\"kad-wp-gallery gallery kt-gallery-column-1 init-isotope-intrinsic reinit-isotope kad-light-wp-gallery clearfix rowtight\" data-fade-in=\"1\" data-iso-selector=\".g_item\" data-iso-style=\"masonry\" data-iso-filter=\"false\"><div class=\"tcol-lg-12 tcol-md-12 tcol-sm-12 tcol-xs-12 tcol-ss-12 g_item\"><div class=\"grid_item kt_item_fade_in kad_gallery_fade_in gallery_item\"><a href=\"https:\/\/polititzacionsdelmalestar.org\/wp-content\/uploads\/2024\/11\/fig.-4.-Mara-Ruido.-Estado-de-Malestar-malestar_exhuberancia_anomala.-2018.-Secuencia-del-vdeo-ensayo.-Imagen-cortesa-de-la-artista.jpg\" data-rel=\"lightbox\" class=\"lightboxhover\"><div class=\"kt-intrinsic\" style=\"padding-bottom:100%;\"><div itemprop=\"image\" itemscope itemtype=\"https:\/\/schema.org\/ImageObject\"><img loading=\"lazy\" decoding=\"async\" width=\"560\" height=\"560\" src=\"https:\/\/polititzacionsdelmalestar.org\/wp-content\/uploads\/2024\/11\/fig.-4.-Mara-Ruido.-Estado-de-Malestar-malestar_exhuberancia_anomala.-2018.-Secuencia-del-vdeo-ensayo.-Imagen-cortesa-de-la-artista-560x560.jpg\" srcset=\"https:\/\/polititzacionsdelmalestar.org\/wp-content\/uploads\/2024\/11\/fig.-4.-Mara-Ruido.-Estado-de-Malestar-malestar_exhuberancia_anomala.-2018.-Secuencia-del-vdeo-ensayo.-Imagen-cortesa-de-la-artista-560x560.jpg 560w, https:\/\/polititzacionsdelmalestar.org\/wp-content\/uploads\/2024\/11\/fig.-4.-Mara-Ruido.-Estado-de-Malestar-malestar_exhuberancia_anomala.-2018.-Secuencia-del-vdeo-ensayo.-Imagen-cortesa-de-la-artista-150x150.jpg 150w, https:\/\/polititzacionsdelmalestar.org\/wp-content\/uploads\/2024\/11\/fig.-4.-Mara-Ruido.-Estado-de-Malestar-malestar_exhuberancia_anomala.-2018.-Secuencia-del-vdeo-ensayo.-Imagen-cortesa-de-la-artista-1120x1120.jpg 1120w\" sizes=\"auto, (max-width: 560px) 100vw, 560px\" data-caption=\"\" class=\"light-dropshaddow\" itemprop=\"contentUrl\" alt=\"\"><meta itemprop=\"url\" content=\"https:\/\/polititzacionsdelmalestar.org\/wp-content\/uploads\/2024\/11\/fig.-4.-Mara-Ruido.-Estado-de-Malestar-malestar_exhuberancia_anomala.-2018.-Secuencia-del-vdeo-ensayo.-Imagen-cortesa-de-la-artista-560x560.jpg\"><meta itemprop=\"width\" content=\"560px\"><meta itemprop=\"height\" content=\"560px\"><\/div><\/div><\/a><\/div><\/div><\/div><\/div><\/div><\/div><\/div>","protected":false},"excerpt":{"rendered":"<h3><a href=\"https:\/\/polititzacionsdelmalestar.org\/es\/estado-de-malestar\/\">Estado de malestar<\/a><\/h3>\n<p>2023<br \/>\n<a href=\"https:\/\/polititzacionsdelmalestar.org\/es\/ruido-maria\/\"><strong>Mar\u00eda Ruido<\/strong><\/a><\/p>\n","protected":false},"author":6,"featured_media":10734,"comment_status":"closed","ping_status":"closed","sticky":false,"template":"","format":"standard","meta":{"footnotes":""},"categories":[205],"tags":[],"class_list":["post-11581","post","type-post","status-publish","format-standard","has-post-thumbnail","hentry","category-projectesarxiu-es"],"_links":{"self":[{"href":"https:\/\/polititzacionsdelmalestar.org\/es\/wp-json\/wp\/v2\/posts\/11581","targetHints":{"allow":["GET"]}}],"collection":[{"href":"https:\/\/polititzacionsdelmalestar.org\/es\/wp-json\/wp\/v2\/posts"}],"about":[{"href":"https:\/\/polititzacionsdelmalestar.org\/es\/wp-json\/wp\/v2\/types\/post"}],"author":[{"embeddable":true,"href":"https:\/\/polititzacionsdelmalestar.org\/es\/wp-json\/wp\/v2\/users\/6"}],"replies":[{"embeddable":true,"href":"https:\/\/polititzacionsdelmalestar.org\/es\/wp-json\/wp\/v2\/comments?post=11581"}],"version-history":[{"count":3,"href":"https:\/\/polititzacionsdelmalestar.org\/es\/wp-json\/wp\/v2\/posts\/11581\/revisions"}],"predecessor-version":[{"id":11585,"href":"https:\/\/polititzacionsdelmalestar.org\/es\/wp-json\/wp\/v2\/posts\/11581\/revisions\/11585"}],"wp:featuredmedia":[{"embeddable":true,"href":"https:\/\/polititzacionsdelmalestar.org\/es\/wp-json\/wp\/v2\/media\/10734"}],"wp:attachment":[{"href":"https:\/\/polititzacionsdelmalestar.org\/es\/wp-json\/wp\/v2\/media?parent=11581"}],"wp:term":[{"taxonomy":"category","embeddable":true,"href":"https:\/\/polititzacionsdelmalestar.org\/es\/wp-json\/wp\/v2\/categories?post=11581"},{"taxonomy":"post_tag","embeddable":true,"href":"https:\/\/polititzacionsdelmalestar.org\/es\/wp-json\/wp\/v2\/tags?post=11581"}],"curies":[{"name":"wp","href":"https:\/\/api.w.org\/{rel}","templated":true}]}}