


{"id":11578,"date":"2024-11-12T16:15:19","date_gmt":"2024-11-12T16:15:19","guid":{"rendered":"https:\/\/polititzacionsdelmalestar.org\/ruido-maria\/"},"modified":"2025-01-09T15:40:31","modified_gmt":"2025-01-09T15:40:31","slug":"ruido-maria","status":"publish","type":"post","link":"https:\/\/polititzacionsdelmalestar.org\/es\/ruido-maria\/","title":{"rendered":"Ruido, Mar\u00eda"},"content":{"rendered":"<div id=\"pl-11578\"  class=\"panel-layout\" ><div id=\"pg-11578-0\"  class=\"panel-grid panel-no-style\" ><div id=\"pgc-11578-0-0\"  class=\"panel-grid-cell\" ><div id=\"panel-11578-0-0-0\" class=\"so-panel widget widget_sow-editor panel-first-child panel-last-child\" data-index=\"0\" ><div class=\"panel-widget-style panel-widget-style-for-11578-0-0-0\" ><div\n\t\t\t\n\t\t\tclass=\"so-widget-sow-editor so-widget-sow-editor-base\"\n\t\t\t\n\t\t>\n<div class=\"siteorigin-widget-tinymce textwidget\">\n\t<p style=\"text-align: center;\"><strong>Relatos para deconstruir la violencia machista desde la Historia del arte<\/strong><\/p>\n<\/div>\n<\/div><\/div><\/div><\/div><\/div><div id=\"pg-11578-1\"  class=\"panel-grid panel-no-style\" ><div id=\"pgc-11578-1-0\"  class=\"panel-grid-cell\" ><div id=\"panel-11578-1-0-0\" class=\"so-panel widget widget_sow-editor panel-first-child panel-last-child\" data-index=\"1\" ><div\n\t\t\t\n\t\t\tclass=\"so-widget-sow-editor so-widget-sow-editor-base\"\n\t\t\t\n\t\t><h3 class=\"widget-title\">Mar\u00eda Ruido<\/h3>\n<div class=\"siteorigin-widget-tinymce textwidget\">\n\t<h5><img loading=\"lazy\" decoding=\"async\" class=\"alignnone size-medium wp-image-11740\" src=\"https:\/\/polititzacionsdelmalestar.org\/wp-content\/uploads\/2024\/11\/fig.-2.-Mara-Ruido.-Estado-de-Malestar-malestar_exhuberancia_anomala.-2018.-Secuencia-del-vdeo-ensayo.-Imagen-cortesa-de-la-artista-1-300x169.jpg\" alt=\"\" width=\"300\" height=\"169\" srcset=\"https:\/\/polititzacionsdelmalestar.org\/wp-content\/uploads\/2024\/11\/fig.-2.-Mara-Ruido.-Estado-de-Malestar-malestar_exhuberancia_anomala.-2018.-Secuencia-del-vdeo-ensayo.-Imagen-cortesa-de-la-artista-1-300x169.jpg 300w, https:\/\/polititzacionsdelmalestar.org\/wp-content\/uploads\/2024\/11\/fig.-2.-Mara-Ruido.-Estado-de-Malestar-malestar_exhuberancia_anomala.-2018.-Secuencia-del-vdeo-ensayo.-Imagen-cortesa-de-la-artista-1-1024x576.jpg 1024w, https:\/\/polititzacionsdelmalestar.org\/wp-content\/uploads\/2024\/11\/fig.-2.-Mara-Ruido.-Estado-de-Malestar-malestar_exhuberancia_anomala.-2018.-Secuencia-del-vdeo-ensayo.-Imagen-cortesa-de-la-artista-1-768x432.jpg 768w, https:\/\/polititzacionsdelmalestar.org\/wp-content\/uploads\/2024\/11\/fig.-2.-Mara-Ruido.-Estado-de-Malestar-malestar_exhuberancia_anomala.-2018.-Secuencia-del-vdeo-ensayo.-Imagen-cortesa-de-la-artista-1-1536x864.jpg 1536w, https:\/\/polititzacionsdelmalestar.org\/wp-content\/uploads\/2024\/11\/fig.-2.-Mara-Ruido.-Estado-de-Malestar-malestar_exhuberancia_anomala.-2018.-Secuencia-del-vdeo-ensayo.-Imagen-cortesa-de-la-artista-1-2048x1152.jpg 2048w\" sizes=\"auto, (max-width: 300px) 100vw, 300px\" \/><\/h5>\n<p><em>Secuencia del v\u00eddeo ensayo. Imagen cortes\u00eda de la artista.<\/em><\/p>\n<h5><a href=\"https:\/\/polititzacionsdelmalestar.org\/es\/estado-de-malestar\/\">Estado de Malestar<\/a><\/h5>\n<div><span lang=\"CA\">2018-2019<\/span><\/div>\n<h3>Mar\u00eda Ruido<\/h3>\n<div>\n<p><span lang=\"CA\">Mar\u00eda Ruido es artista, realizadora, investigadora y docente. Actualmente vive en Madrid y en Barcelona, donde es profesora en el Departamento de Arte y Cultura Visual de la Universidad de Barcelona.<\/span><\/p>\n<\/div>\n<div>\n<p><span lang=\"CA\">Desde 1998 ha venido desarrollando proyectos interdisciplinarios sobre la construcci\u00f3n social del cuerpo y la identidad, los imaginarios del trabajo en el capitalismo postfordista, y sobre la construcci\u00f3n de la memoria y sus relaciones con las formas narrativas de la historia. M\u00e1s recientemente, trabaja en torno a las nuevas formas de los imaginarios decoloniales y sus posibilidades emancipatorias.<\/span><\/p>\n<\/div>\n<p><a href=\"https:\/\/www.workandwords.net\/es\"> Web oficial Mar\u00eda Ruido<\/a><\/p>\n<\/div>\n<\/div><\/div><\/div><div id=\"pgc-11578-1-1\"  class=\"panel-grid-cell\" ><div id=\"panel-11578-1-1-0\" class=\"so-panel widget widget_sow-editor panel-first-child panel-last-child\" data-index=\"2\" ><div\n\t\t\t\n\t\t\tclass=\"so-widget-sow-editor so-widget-sow-editor-base\"\n\t\t\t\n\t\t>\n<div class=\"siteorigin-widget-tinymce textwidget\">\n\t<\/div>\n<\/div><\/div><\/div><\/div><\/div>","protected":false},"excerpt":{"rendered":"<h5><a href=\"https:\/\/polititzacionsdelmalestar.org\/es\/ruido-maria\/\">Mar\u00eda Ruido<\/a><\/h5>\n<li><a href=\"https:\/\/polititzacionsdelmalestar.org\/es\/estado-de-malestar\/\">Estado de Malestar<\/a> , 2004-2005<\/li>\n","protected":false},"author":6,"featured_media":0,"comment_status":"closed","ping_status":"closed","sticky":false,"template":"","format":"standard","meta":{"footnotes":""},"categories":[206],"tags":[],"class_list":["post-11578","post","type-post","status-publish","format-standard","hentry","category-autoresarxiu-es"],"_links":{"self":[{"href":"https:\/\/polititzacionsdelmalestar.org\/es\/wp-json\/wp\/v2\/posts\/11578","targetHints":{"allow":["GET"]}}],"collection":[{"href":"https:\/\/polititzacionsdelmalestar.org\/es\/wp-json\/wp\/v2\/posts"}],"about":[{"href":"https:\/\/polititzacionsdelmalestar.org\/es\/wp-json\/wp\/v2\/types\/post"}],"author":[{"embeddable":true,"href":"https:\/\/polititzacionsdelmalestar.org\/es\/wp-json\/wp\/v2\/users\/6"}],"replies":[{"embeddable":true,"href":"https:\/\/polititzacionsdelmalestar.org\/es\/wp-json\/wp\/v2\/comments?post=11578"}],"version-history":[{"count":5,"href":"https:\/\/polititzacionsdelmalestar.org\/es\/wp-json\/wp\/v2\/posts\/11578\/revisions"}],"predecessor-version":[{"id":11742,"href":"https:\/\/polititzacionsdelmalestar.org\/es\/wp-json\/wp\/v2\/posts\/11578\/revisions\/11742"}],"wp:attachment":[{"href":"https:\/\/polititzacionsdelmalestar.org\/es\/wp-json\/wp\/v2\/media?parent=11578"}],"wp:term":[{"taxonomy":"category","embeddable":true,"href":"https:\/\/polititzacionsdelmalestar.org\/es\/wp-json\/wp\/v2\/categories?post=11578"},{"taxonomy":"post_tag","embeddable":true,"href":"https:\/\/polititzacionsdelmalestar.org\/es\/wp-json\/wp\/v2\/tags?post=11578"}],"curies":[{"name":"wp","href":"https:\/\/api.w.org\/{rel}","templated":true}]}}