


{"id":11561,"date":"2024-11-12T17:11:55","date_gmt":"2024-11-12T17:11:55","guid":{"rendered":"https:\/\/polititzacionsdelmalestar.org\/ximenez-marga\/"},"modified":"2025-01-08T14:43:33","modified_gmt":"2025-01-08T14:43:33","slug":"ximenez-marga","status":"publish","type":"post","link":"https:\/\/polititzacionsdelmalestar.org\/es\/ximenez-marga\/","title":{"rendered":"Ximenez, Marga"},"content":{"rendered":"<div id=\"pl-11561\"  class=\"panel-layout\" ><div id=\"pg-11561-0\"  class=\"panel-grid panel-no-style\" ><div id=\"pgc-11561-0-0\"  class=\"panel-grid-cell\" ><div id=\"panel-11561-0-0-0\" class=\"so-panel widget widget_sow-editor panel-first-child panel-last-child\" data-index=\"0\" ><div class=\"panel-widget-style panel-widget-style-for-11561-0-0-0\" ><div\n\t\t\t\n\t\t\tclass=\"so-widget-sow-editor so-widget-sow-editor-base\"\n\t\t\t\n\t\t>\n<div class=\"siteorigin-widget-tinymce textwidget\">\n\t<p style=\"text-align: center;\"><strong>Relatos para deconstruir la violencia machista desde la Historia del arte<\/strong><\/p>\n<\/div>\n<\/div><\/div><\/div><\/div><\/div><div id=\"pg-11561-1\"  class=\"panel-grid panel-no-style\" ><div id=\"pgc-11561-1-0\"  class=\"panel-grid-cell\" ><div id=\"panel-11561-1-0-0\" class=\"so-panel widget widget_sow-editor panel-first-child panel-last-child\" data-index=\"1\" ><div\n\t\t\t\n\t\t\tclass=\"so-widget-sow-editor so-widget-sow-editor-base\"\n\t\t\t\n\t\t><h3 class=\"widget-title\">Marga Ximenez<\/h3>\n<div class=\"siteorigin-widget-tinymce textwidget\">\n\t<div class=\"siteorigin-widget-tinymce textwidget\"><img loading=\"lazy\" decoding=\"async\" class=\"alignnone size-medium wp-image-10779\" src=\"https:\/\/polititzacionsdelmalestar.org\/wp-content\/uploads\/2024\/11\/Fig.-4.-La-vuitena-arma-fragment-300x158.jpg\" alt=\"\" width=\"300\" height=\"158\" srcset=\"https:\/\/polititzacionsdelmalestar.org\/wp-content\/uploads\/2024\/11\/Fig.-4.-La-vuitena-arma-fragment-300x158.jpg 300w, https:\/\/polititzacionsdelmalestar.org\/wp-content\/uploads\/2024\/11\/Fig.-4.-La-vuitena-arma-fragment-1024x539.jpg 1024w, https:\/\/polititzacionsdelmalestar.org\/wp-content\/uploads\/2024\/11\/Fig.-4.-La-vuitena-arma-fragment-768x404.jpg 768w, https:\/\/polititzacionsdelmalestar.org\/wp-content\/uploads\/2024\/11\/Fig.-4.-La-vuitena-arma-fragment-1536x808.jpg 1536w, https:\/\/polititzacionsdelmalestar.org\/wp-content\/uploads\/2024\/11\/Fig.-4.-La-vuitena-arma-fragment-2048x1078.jpg 2048w, https:\/\/polititzacionsdelmalestar.org\/wp-content\/uploads\/2024\/11\/Fig.-4.-La-vuitena-arma-fragment-728x384.jpg 728w, https:\/\/polititzacionsdelmalestar.org\/wp-content\/uploads\/2024\/11\/Fig.-4.-La-vuitena-arma-fragment-364x192.jpg 364w, https:\/\/polititzacionsdelmalestar.org\/wp-content\/uploads\/2024\/11\/Fig.-4.-La-vuitena-arma-fragment-520x274.jpg 520w, https:\/\/polititzacionsdelmalestar.org\/wp-content\/uploads\/2024\/11\/Fig.-4.-La-vuitena-arma-fragment-260x137.jpg 260w\" sizes=\"auto, (max-width: 300px) 100vw, 300px\" \/><\/div>\n<div class=\"siteorigin-widget-tinymce textwidget\"><em>Instalaci\u00f3n dentro de la Exposici\u00f3n \u00a1Deponga las armas!: tres creadoras contra la guerra. Barcelona. Cortes\u00eda del artista.<\/em><\/div>\n<h5><a href=\"https:\/\/polititzacionsdelmalestar.org\/es\/la-octava-arma\/\">La octava arma<\/a><\/h5>\n<p>2000<\/p>\n<h3>Marga Ximenez<\/h3>\n<div>\n<p><span lang=\"CA\">Vive y trabaja en Barcelona. A partir de 1998 dirige, junto a Nora Ancarola, MX Espai 1010, un espacio de arte contempor\u00e1neo en Barcelona, con quien tambi\u00e9n crea MX Edicions 1010 en 2004, que en 2008 recibe el Premio a las iniciativas de la Associaci\u00f3 de Cr\u00edtics d\u2019Art de Catalunya.<\/span><\/p>\n<\/div>\n<div>\n<p><span lang=\"CA\">Ha coordinado y comisariado, entre 1998 y 2016, las bienales internacionales de arte textil contempor\u00e1neo de peque\u00f1o formato para el MX Espai 1010. Anteriormente, se ha dedicado a la ense\u00f1anza del arte y al dise\u00f1o de estampados. Su trabajo actual se desarrolla profesionalmente dentro de la exploraci\u00f3n del arte textil y sobre la propia identidad, lo que la lleva a un proyecto sobre la multiplicidad de identidades y la adopci\u00f3n de heter\u00f3nimos, con los que, como Yukimaro, Pia Remedios, Feliu Esteve o Col\u00b7lectiu Puntes, entre otros, ha expuesto en el Centre d\u2019Art Maristany de Sant Cugat en Catalu\u00f1a, en la feria New Art y en el MX Espai 1010 de Barcelona, en la galer\u00eda Esposta de Verona, en la Bienal de Tarragona 03 o en la Universidad de Belfast.<\/span><\/p>\n<\/div>\n<div>\n<p><span lang=\"CA\">Ha realizado estudios de arte en Barcelona y Londres. En 2002 recibe una Menci\u00f3n Especial en la <i>Bienal d\u2019Art de Tarragona<\/i>. Tambi\u00e9n ha sido <i>Premi Nacional de Disseny de Estampats<\/i> y ha participado en las Bienales de Lausanne, Polonia y Vicenza.<\/span><\/p>\n<\/div>\n<p><a href=\"https:\/\/www.margaximenez.com\/biografia\/\"> Web oficial Marga Ximenez<\/a><\/p>\n<\/div>\n<\/div><\/div><\/div><div id=\"pgc-11561-1-1\"  class=\"panel-grid-cell\" ><div id=\"panel-11561-1-1-0\" class=\"so-panel widget widget_sow-editor panel-first-child panel-last-child\" data-index=\"2\" ><div\n\t\t\t\n\t\t\tclass=\"so-widget-sow-editor so-widget-sow-editor-base\"\n\t\t\t\n\t\t>\n<div class=\"siteorigin-widget-tinymce textwidget\">\n\t<p><strong>Otros proyectos<\/strong><\/p>\n<div><span lang=\"CA\">2021 - Instalaci\u00f3n \" <em>Hilos de reparaci\u00f3n<\/em> \" en el Museo de arte de Cerdanya, Catalu\u00f1a.<\/span><\/div>\n<\/div>\n<\/div><\/div><\/div><\/div><\/div>","protected":false},"excerpt":{"rendered":"<h5><a href=\"https:\/\/polititzacionsdelmalestar.org\/es\/ximenez-marga\/\">Marga Ximenez<\/a><\/h5>\n<li><a href=\"https:\/\/polititzacionsdelmalestar.org\/es\/la-octava-arma\/\">La octava arma<\/a><\/li>\n","protected":false},"author":6,"featured_media":0,"comment_status":"closed","ping_status":"closed","sticky":false,"template":"","format":"standard","meta":{"footnotes":""},"categories":[206],"tags":[],"class_list":["post-11561","post","type-post","status-publish","format-standard","hentry","category-autoresarxiu-es"],"_links":{"self":[{"href":"https:\/\/polititzacionsdelmalestar.org\/es\/wp-json\/wp\/v2\/posts\/11561","targetHints":{"allow":["GET"]}}],"collection":[{"href":"https:\/\/polititzacionsdelmalestar.org\/es\/wp-json\/wp\/v2\/posts"}],"about":[{"href":"https:\/\/polititzacionsdelmalestar.org\/es\/wp-json\/wp\/v2\/types\/post"}],"author":[{"embeddable":true,"href":"https:\/\/polititzacionsdelmalestar.org\/es\/wp-json\/wp\/v2\/users\/6"}],"replies":[{"embeddable":true,"href":"https:\/\/polititzacionsdelmalestar.org\/es\/wp-json\/wp\/v2\/comments?post=11561"}],"version-history":[{"count":2,"href":"https:\/\/polititzacionsdelmalestar.org\/es\/wp-json\/wp\/v2\/posts\/11561\/revisions"}],"predecessor-version":[{"id":11563,"href":"https:\/\/polititzacionsdelmalestar.org\/es\/wp-json\/wp\/v2\/posts\/11561\/revisions\/11563"}],"wp:attachment":[{"href":"https:\/\/polititzacionsdelmalestar.org\/es\/wp-json\/wp\/v2\/media?parent=11561"}],"wp:term":[{"taxonomy":"category","embeddable":true,"href":"https:\/\/polititzacionsdelmalestar.org\/es\/wp-json\/wp\/v2\/categories?post=11561"},{"taxonomy":"post_tag","embeddable":true,"href":"https:\/\/polititzacionsdelmalestar.org\/es\/wp-json\/wp\/v2\/tags?post=11561"}],"curies":[{"name":"wp","href":"https:\/\/api.w.org\/{rel}","templated":true}]}}