


{"id":11557,"date":"2024-11-12T17:24:27","date_gmt":"2024-11-12T17:24:27","guid":{"rendered":"https:\/\/polititzacionsdelmalestar.org\/la-octava-arma\/"},"modified":"2025-01-08T14:47:31","modified_gmt":"2025-01-08T14:47:31","slug":"la-octava-arma","status":"publish","type":"post","link":"https:\/\/polititzacionsdelmalestar.org\/es\/la-octava-arma\/","title":{"rendered":"La octava arma"},"content":{"rendered":"<div id=\"pl-11557\"  class=\"panel-layout\" ><div id=\"pg-11557-0\"  class=\"panel-grid panel-no-style\" ><div id=\"pgc-11557-0-0\"  class=\"panel-grid-cell\" ><div id=\"panel-11557-0-0-0\" class=\"so-panel widget widget_sow-editor panel-first-child\" data-index=\"0\" ><div class=\"panel-widget-style panel-widget-style-for-11557-0-0-0\" ><div\n\t\t\t\n\t\t\tclass=\"so-widget-sow-editor so-widget-sow-editor-base\"\n\t\t\t\n\t\t>\n<div class=\"siteorigin-widget-tinymce textwidget\">\n\t<p style=\"text-align: center;\"><strong>Relatos para deconstruir la violencia machista desde la Historia del arte<\/strong><\/p>\n<\/div>\n<\/div><\/div><\/div><div id=\"panel-11557-0-0-1\" class=\"so-panel widget widget_virtue_gallery_widget virtue_gallery_widget\" data-index=\"1\" ><h3 class=\"widget-title\">La octava arma<\/h3><div id=\"kad-wp-gallery675\" class=\"kad-wp-gallery gallery kt-gallery-column-1 init-isotope-intrinsic reinit-isotope kad-light-wp-gallery clearfix rowtight\" data-fade-in=\"1\" data-iso-selector=\".g_item\" data-iso-style=\"masonry\" data-iso-filter=\"false\"><div class=\"tcol-lg-12 tcol-md-12 tcol-sm-12 tcol-xs-12 tcol-ss-12 g_item\"><div class=\"grid_item kt_item_fade_in kad_gallery_fade_in gallery_item\"><a href=\"https:\/\/polititzacionsdelmalestar.org\/wp-content\/uploads\/2024\/11\/Fig.-4.-La-vuitena-arma-fragment.jpg\" data-rel=\"lightbox\" class=\"lightboxhover\"><div class=\"kt-intrinsic\" style=\"padding-bottom:100%;\"><div itemprop=\"image\" itemscope itemtype=\"https:\/\/schema.org\/ImageObject\"><img loading=\"lazy\" decoding=\"async\" width=\"560\" height=\"560\" src=\"https:\/\/polititzacionsdelmalestar.org\/wp-content\/uploads\/2024\/11\/Fig.-4.-La-vuitena-arma-fragment-560x560.jpg\" srcset=\"https:\/\/polititzacionsdelmalestar.org\/wp-content\/uploads\/2024\/11\/Fig.-4.-La-vuitena-arma-fragment-560x560.jpg 560w, https:\/\/polititzacionsdelmalestar.org\/wp-content\/uploads\/2024\/11\/Fig.-4.-La-vuitena-arma-fragment-150x150.jpg 150w, https:\/\/polititzacionsdelmalestar.org\/wp-content\/uploads\/2024\/11\/Fig.-4.-La-vuitena-arma-fragment-1120x1120.jpg 1120w\" sizes=\"auto, (max-width: 560px) 100vw, 560px\" data-caption=\"\" class=\"light-dropshaddow\" itemprop=\"contentUrl\" alt=\"\"><meta itemprop=\"url\" content=\"https:\/\/polititzacionsdelmalestar.org\/wp-content\/uploads\/2024\/11\/Fig.-4.-La-vuitena-arma-fragment-560x560.jpg\"><meta itemprop=\"width\" content=\"560px\"><meta itemprop=\"height\" content=\"560px\"><\/div><\/div><\/a><\/div><\/div><\/div><\/div><div id=\"panel-11557-0-0-2\" class=\"so-panel widget widget_sow-editor panel-last-child\" data-index=\"2\" ><div\n\t\t\t\n\t\t\tclass=\"so-widget-sow-editor so-widget-sow-editor-base\"\n\t\t\t\n\t\t>\n<div class=\"siteorigin-widget-tinymce textwidget\">\n\t<p>2000<\/p>\n<p style=\"font-weight: 400;\">Marga Ximenez reflexiona sobre las consecuencias de los conflictos b\u00e9licos, destacando, entre varias de sus obras,\u00a0<em>La vuitena arma<\/em>\u00a0(2000), que denuncia las violaciones y la violencia que sufrieron las mujeres en la guerra de Timor. Las im\u00e1genes que aparecieron en la prensa \u2014de mujeres embarazadas asesinadas por los milicianos y criaturas arrancadas de sus vientres\u2014 est\u00e1n relacionadas con la concepci\u00f3n de esta obra de arte. La artista explica que el \"artefacto\" (1777) utilizado por la partera y profesora de obstetricia Mme. Du Coudray en sus clases para ense\u00f1ar a dar a luz, conservado en un museo de Ruan, fue tambi\u00e9n un punto de partida para esta instalaci\u00f3n. Marga Ximenez conecta la muerte y la vida, realizando un acto de reparaci\u00f3n. La creadora hace visible y devuelve al p\u00fablico la violencia patriarcal que viven las mujeres en las guerras.<\/p>\n<p><strong>Recorrido del proyecto. \u00bfD\u00f3nde se encuentra la obra?<\/strong><br \/>\n2014 - Biblioteca Vapor Badia, Sabadell. Catalu\u00f1a<br \/>\n2009 - MUA, Museo de la Universidad de Alicante. Valencia<br \/>\n2005 - Centro de Cultura de las Mujeres Francesca Bonnemaison, Barcelona. Catalu\u00f1a.<br \/>\n2000 - Galer\u00eda China ART, Barcelona. Catalu\u00f1a.<\/p>\n<\/div>\n<\/div><\/div><\/div><div id=\"pgc-11557-0-1\"  class=\"panel-grid-cell\" ><div id=\"panel-11557-0-1-0\" class=\"so-panel widget widget_sow-editor panel-first-child\" data-index=\"3\" ><div\n\t\t\t\n\t\t\tclass=\"so-widget-sow-editor so-widget-sow-editor-base\"\n\t\t\t\n\t\t>\n<div class=\"siteorigin-widget-tinymce textwidget\">\n\t<\/div>\n<\/div><\/div><div id=\"panel-11557-0-1-1\" class=\"so-panel widget widget_sow-editor\" data-index=\"4\" ><div\n\t\t\t\n\t\t\tclass=\"so-widget-sow-editor so-widget-sow-editor-base\"\n\t\t\t\n\t\t>\n<div class=\"siteorigin-widget-tinymce textwidget\">\n\t<h5><a href=\"https:\/\/polititzacionsdelmalestar.org\/es\/ximenez-marga\/\">Marga Ximenez<\/a><\/h5>\n<h4>Documentos media<\/h4>\n<p><a href=\"https:\/\/www.margaximenez.com\/wp-content\/uploads\/2018\/06\/01-PORQUERES-B-Calcar-hilvanar-pespuntear-sobrehilar-gestos-del-amor-a-la-vida-CAT.pdf\" target=\"_blank\" rel=\"noopener\">CERCADAS, B - Calcar, hilvanar, pespuntear, sobrehilar gestos del amor en la vida CAT. <\/a>PDF 73 Kb<\/p>\n<p><a href=\"https:\/\/www.margaximenez.com\/wp-content\/uploads\/2018\/06\/03-HAC-MOR-C-Un-cop-de-puny-molt-ben-donat-CAT.pdf\" target=\"_blank\" rel=\"noopener\">HAC MOR, C - Un pu\u00f1etazo muy bien dado CAT. <\/a>PDF 67 Kb<\/p>\n<p><a href=\"https:\/\/www.margaximenez.com\/wp-content\/uploads\/2018\/06\/04-PLAZA-E-La-vuitena-arma-CAT.pdf\" target=\"_blank\" rel=\"noopener\">PLAZA, E - La octava arma CAT. <\/a><br \/>\nPDF 29 Kb<\/p>\n<p><a href=\"https:\/\/www.margaximenez.com\/wp-content\/uploads\/2018\/06\/06-RIUS-VERNET-N-Art-contra-la-viol%C3%A8ncia-CAT.pdf\" target=\"_blank\" rel=\"noopener\">R\u00cdOS VERNET, N - Arte contra la violencia CAT. <\/a>PDF 120 Kb<\/p>\n<p><a href=\"https:\/\/www.margaximenez.com\/wp-content\/uploads\/2018\/06\/07-OLIVER-C-Marga-Xim%C3%A9nez-escultures-t%C3%A8xtils-CAT.pdf\" target=\"_blank\" rel=\"noopener\">OLIVER, C - Marga Xim\u00e9nez, esculturas textiles CAT. <\/a>PDF 77 Kb<\/p>\n<p><a href=\"https:\/\/www.margaximenez.com\/wp-content\/uploads\/2018\/06\/08-COMBAL%C3%8DA-V-Mujeres-contra-la-guerra-CAS.pdf\" target=\"_blank\" rel=\"noopener\">COMBAL\u00cdA, V - Mujeres contra la guerra CASO. <\/a>PDF 29 Kb<\/p>\n<h4>Fotos del proyecto<\/h4>\n<\/div>\n<\/div><\/div><div id=\"panel-11557-0-1-2\" class=\"so-panel widget widget_virtue_gallery_widget virtue_gallery_widget panel-last-child\" data-index=\"5\" ><div id=\"kad-wp-gallery956\" class=\"kad-wp-gallery gallery kt-gallery-column-1 init-isotope-intrinsic reinit-isotope kad-light-wp-gallery clearfix rowtight\" data-fade-in=\"1\" data-iso-selector=\".g_item\" data-iso-style=\"masonry\" data-iso-filter=\"false\"><div class=\"tcol-lg-12 tcol-md-12 tcol-sm-12 tcol-xs-12 tcol-ss-12 g_item\"><div class=\"grid_item kt_item_fade_in kad_gallery_fade_in gallery_item\"><a href=\"https:\/\/polititzacionsdelmalestar.org\/wp-content\/uploads\/2024\/11\/08la-vuitena-arma.jpg\" data-rel=\"lightbox\" class=\"lightboxhover\"><div class=\"kt-intrinsic\" style=\"padding-bottom:62.820512820513%;\"><div itemprop=\"image\" itemscope itemtype=\"https:\/\/schema.org\/ImageObject\"><img loading=\"lazy\" decoding=\"async\" width=\"780\" height=\"490\" src=\"https:\/\/polititzacionsdelmalestar.org\/wp-content\/uploads\/2024\/11\/08la-vuitena-arma.jpg\" srcset=\"https:\/\/polititzacionsdelmalestar.org\/wp-content\/uploads\/2024\/11\/08la-vuitena-arma.jpg 780w, https:\/\/polititzacionsdelmalestar.org\/wp-content\/uploads\/2024\/11\/08la-vuitena-arma-300x188.jpg 300w, https:\/\/polititzacionsdelmalestar.org\/wp-content\/uploads\/2024\/11\/08la-vuitena-arma-768x482.jpg 768w, https:\/\/polititzacionsdelmalestar.org\/wp-content\/uploads\/2024\/11\/08la-vuitena-arma-80x50.jpg 80w\" sizes=\"auto, (max-width: 780px) 100vw, 780px\" data-caption=\"\" class=\"light-dropshaddow\" itemprop=\"contentUrl\" alt=\"\"><meta itemprop=\"url\" content=\"https:\/\/polititzacionsdelmalestar.org\/wp-content\/uploads\/2024\/11\/08la-vuitena-arma.jpg\"><meta itemprop=\"width\" content=\"780px\"><meta itemprop=\"height\" content=\"490px\"><\/div><\/div><\/a><\/div><\/div><div class=\"tcol-lg-12 tcol-md-12 tcol-sm-12 tcol-xs-12 tcol-ss-12 g_item\"><div class=\"grid_item kt_item_fade_in kad_gallery_fade_in gallery_item\"><a href=\"https:\/\/polititzacionsdelmalestar.org\/wp-content\/uploads\/2024\/11\/07-1P1000489.jpg\" data-rel=\"lightbox\" class=\"lightboxhover\"><div class=\"kt-intrinsic\" style=\"padding-bottom:62.820512820513%;\"><div itemprop=\"image\" itemscope itemtype=\"https:\/\/schema.org\/ImageObject\"><img loading=\"lazy\" decoding=\"async\" width=\"780\" height=\"490\" src=\"https:\/\/polititzacionsdelmalestar.org\/wp-content\/uploads\/2024\/11\/07-1P1000489.jpg\" srcset=\"https:\/\/polititzacionsdelmalestar.org\/wp-content\/uploads\/2024\/11\/07-1P1000489.jpg 780w, https:\/\/polititzacionsdelmalestar.org\/wp-content\/uploads\/2024\/11\/07-1P1000489-300x188.jpg 300w, https:\/\/polititzacionsdelmalestar.org\/wp-content\/uploads\/2024\/11\/07-1P1000489-768x482.jpg 768w, https:\/\/polititzacionsdelmalestar.org\/wp-content\/uploads\/2024\/11\/07-1P1000489-80x50.jpg 80w\" sizes=\"auto, (max-width: 780px) 100vw, 780px\" data-caption=\"\" class=\"light-dropshaddow\" itemprop=\"contentUrl\" alt=\"\"><meta itemprop=\"url\" content=\"https:\/\/polititzacionsdelmalestar.org\/wp-content\/uploads\/2024\/11\/07-1P1000489.jpg\"><meta itemprop=\"width\" content=\"780px\"><meta itemprop=\"height\" content=\"490px\"><\/div><\/div><\/a><\/div><\/div><div class=\"tcol-lg-12 tcol-md-12 tcol-sm-12 tcol-xs-12 tcol-ss-12 g_item\"><div class=\"grid_item kt_item_fade_in kad_gallery_fade_in gallery_item\"><a href=\"https:\/\/polititzacionsdelmalestar.org\/wp-content\/uploads\/2024\/11\/06la-vuitena-arma.tif\" data-rel=\"lightbox\" class=\"lightboxhover\"><div class=\"kt-intrinsic\" style=\"padding-bottom:NAN%;\"><div itemprop=\"image\" itemscope itemtype=\"https:\/\/schema.org\/ImageObject\"><img loading=\"lazy\" decoding=\"async\" width=\"0\" height=\"0\" src=\"https:\/\/polititzacionsdelmalestar.org\/wp-content\/uploads\/2024\/11\/06la-vuitena-arma.tif\"   data-caption=\"\" class=\"light-dropshaddow\" itemprop=\"contentUrl\" alt=\"\"><meta itemprop=\"url\" content=\"https:\/\/polititzacionsdelmalestar.org\/wp-content\/uploads\/2024\/11\/06la-vuitena-arma.tif\"><meta itemprop=\"width\" content=\"0px\"><meta itemprop=\"height\" content=\"0px\"><\/div><\/div><\/a><\/div><\/div><div class=\"tcol-lg-12 tcol-md-12 tcol-sm-12 tcol-xs-12 tcol-ss-12 g_item\"><div class=\"grid_item kt_item_fade_in kad_gallery_fade_in gallery_item\"><a href=\"https:\/\/polititzacionsdelmalestar.org\/wp-content\/uploads\/2024\/11\/6La-vuitena-arma.jpg\" data-rel=\"lightbox\" class=\"lightboxhover\"><div class=\"kt-intrinsic\" style=\"padding-bottom:63.205128205128%;\"><div itemprop=\"image\" itemscope itemtype=\"https:\/\/schema.org\/ImageObject\"><img loading=\"lazy\" decoding=\"async\" width=\"780\" height=\"493\" src=\"https:\/\/polititzacionsdelmalestar.org\/wp-content\/uploads\/2024\/11\/6La-vuitena-arma.jpg\" srcset=\"https:\/\/polititzacionsdelmalestar.org\/wp-content\/uploads\/2024\/11\/6La-vuitena-arma.jpg 780w, https:\/\/polititzacionsdelmalestar.org\/wp-content\/uploads\/2024\/11\/6La-vuitena-arma-300x190.jpg 300w, https:\/\/polititzacionsdelmalestar.org\/wp-content\/uploads\/2024\/11\/6La-vuitena-arma-768x485.jpg 768w, https:\/\/polititzacionsdelmalestar.org\/wp-content\/uploads\/2024\/11\/6La-vuitena-arma-80x50.jpg 80w\" sizes=\"auto, (max-width: 780px) 100vw, 780px\" data-caption=\"\" class=\"light-dropshaddow\" itemprop=\"contentUrl\" alt=\"\"><meta itemprop=\"url\" content=\"https:\/\/polititzacionsdelmalestar.org\/wp-content\/uploads\/2024\/11\/6La-vuitena-arma.jpg\"><meta itemprop=\"width\" content=\"780px\"><meta itemprop=\"height\" content=\"493px\"><\/div><\/div><\/a><\/div><\/div><div class=\"tcol-lg-12 tcol-md-12 tcol-sm-12 tcol-xs-12 tcol-ss-12 g_item\"><div class=\"grid_item kt_item_fade_in kad_gallery_fade_in gallery_item\"><a href=\"https:\/\/polititzacionsdelmalestar.org\/wp-content\/uploads\/2024\/11\/04P1000597retallat.jpg\" data-rel=\"lightbox\" class=\"lightboxhover\"><div class=\"kt-intrinsic\" style=\"padding-bottom:62.820512820513%;\"><div itemprop=\"image\" itemscope itemtype=\"https:\/\/schema.org\/ImageObject\"><img loading=\"lazy\" decoding=\"async\" width=\"780\" height=\"490\" src=\"https:\/\/polititzacionsdelmalestar.org\/wp-content\/uploads\/2024\/11\/04P1000597retallat.jpg\" srcset=\"https:\/\/polititzacionsdelmalestar.org\/wp-content\/uploads\/2024\/11\/04P1000597retallat.jpg 780w, https:\/\/polititzacionsdelmalestar.org\/wp-content\/uploads\/2024\/11\/04P1000597retallat-300x188.jpg 300w, https:\/\/polititzacionsdelmalestar.org\/wp-content\/uploads\/2024\/11\/04P1000597retallat-768x482.jpg 768w, https:\/\/polititzacionsdelmalestar.org\/wp-content\/uploads\/2024\/11\/04P1000597retallat-80x50.jpg 80w\" sizes=\"auto, (max-width: 780px) 100vw, 780px\" data-caption=\"\" class=\"light-dropshaddow\" itemprop=\"contentUrl\" alt=\"\"><meta itemprop=\"url\" content=\"https:\/\/polititzacionsdelmalestar.org\/wp-content\/uploads\/2024\/11\/04P1000597retallat.jpg\"><meta itemprop=\"width\" content=\"780px\"><meta itemprop=\"height\" content=\"490px\"><\/div><\/div><\/a><\/div><\/div><div class=\"tcol-lg-12 tcol-md-12 tcol-sm-12 tcol-xs-12 tcol-ss-12 g_item\"><div class=\"grid_item kt_item_fade_in kad_gallery_fade_in gallery_item\"><a href=\"https:\/\/polititzacionsdelmalestar.org\/wp-content\/uploads\/2024\/11\/03la-vuitena-arma.jpg\" data-rel=\"lightbox\" class=\"lightboxhover\"><div class=\"kt-intrinsic\" style=\"padding-bottom:62.820512820513%;\"><div itemprop=\"image\" itemscope itemtype=\"https:\/\/schema.org\/ImageObject\"><img loading=\"lazy\" decoding=\"async\" width=\"780\" height=\"490\" src=\"https:\/\/polititzacionsdelmalestar.org\/wp-content\/uploads\/2024\/11\/03la-vuitena-arma.jpg\" srcset=\"https:\/\/polititzacionsdelmalestar.org\/wp-content\/uploads\/2024\/11\/03la-vuitena-arma.jpg 780w, https:\/\/polititzacionsdelmalestar.org\/wp-content\/uploads\/2024\/11\/03la-vuitena-arma-300x188.jpg 300w, https:\/\/polititzacionsdelmalestar.org\/wp-content\/uploads\/2024\/11\/03la-vuitena-arma-768x482.jpg 768w, https:\/\/polititzacionsdelmalestar.org\/wp-content\/uploads\/2024\/11\/03la-vuitena-arma-80x50.jpg 80w\" sizes=\"auto, (max-width: 780px) 100vw, 780px\" data-caption=\"\" class=\"light-dropshaddow\" itemprop=\"contentUrl\" alt=\"\"><meta itemprop=\"url\" content=\"https:\/\/polititzacionsdelmalestar.org\/wp-content\/uploads\/2024\/11\/03la-vuitena-arma.jpg\"><meta itemprop=\"width\" content=\"780px\"><meta itemprop=\"height\" content=\"490px\"><\/div><\/div><\/a><\/div><\/div><div class=\"tcol-lg-12 tcol-md-12 tcol-sm-12 tcol-xs-12 tcol-ss-12 g_item\"><div class=\"grid_item kt_item_fade_in kad_gallery_fade_in gallery_item\"><a href=\"https:\/\/polititzacionsdelmalestar.org\/wp-content\/uploads\/2024\/11\/02P1000590retallat.jpg\" data-rel=\"lightbox\" class=\"lightboxhover\"><div class=\"kt-intrinsic\" style=\"padding-bottom:62.820512820513%;\"><div itemprop=\"image\" itemscope itemtype=\"https:\/\/schema.org\/ImageObject\"><img loading=\"lazy\" decoding=\"async\" width=\"780\" height=\"490\" src=\"https:\/\/polititzacionsdelmalestar.org\/wp-content\/uploads\/2024\/11\/02P1000590retallat.jpg\" srcset=\"https:\/\/polititzacionsdelmalestar.org\/wp-content\/uploads\/2024\/11\/02P1000590retallat.jpg 780w, https:\/\/polititzacionsdelmalestar.org\/wp-content\/uploads\/2024\/11\/02P1000590retallat-300x188.jpg 300w, https:\/\/polititzacionsdelmalestar.org\/wp-content\/uploads\/2024\/11\/02P1000590retallat-768x482.jpg 768w, https:\/\/polititzacionsdelmalestar.org\/wp-content\/uploads\/2024\/11\/02P1000590retallat-80x50.jpg 80w\" sizes=\"auto, (max-width: 780px) 100vw, 780px\" data-caption=\"\" class=\"light-dropshaddow\" itemprop=\"contentUrl\" alt=\"\"><meta itemprop=\"url\" content=\"https:\/\/polititzacionsdelmalestar.org\/wp-content\/uploads\/2024\/11\/02P1000590retallat.jpg\"><meta itemprop=\"width\" content=\"780px\"><meta itemprop=\"height\" content=\"490px\"><\/div><\/div><\/a><\/div><\/div><div class=\"tcol-lg-12 tcol-md-12 tcol-sm-12 tcol-xs-12 tcol-ss-12 g_item\"><div class=\"grid_item kt_item_fade_in kad_gallery_fade_in gallery_item\"><a href=\"https:\/\/polititzacionsdelmalestar.org\/wp-content\/uploads\/2024\/11\/01la-vuitena-arma.jpg\" data-rel=\"lightbox\" class=\"lightboxhover\"><div class=\"kt-intrinsic\" style=\"padding-bottom:62.820512820513%;\"><div itemprop=\"image\" itemscope itemtype=\"https:\/\/schema.org\/ImageObject\"><img loading=\"lazy\" decoding=\"async\" width=\"780\" height=\"490\" src=\"https:\/\/polititzacionsdelmalestar.org\/wp-content\/uploads\/2024\/11\/01la-vuitena-arma.jpg\" srcset=\"https:\/\/polititzacionsdelmalestar.org\/wp-content\/uploads\/2024\/11\/01la-vuitena-arma.jpg 780w, https:\/\/polititzacionsdelmalestar.org\/wp-content\/uploads\/2024\/11\/01la-vuitena-arma-300x188.jpg 300w, https:\/\/polititzacionsdelmalestar.org\/wp-content\/uploads\/2024\/11\/01la-vuitena-arma-768x482.jpg 768w, https:\/\/polititzacionsdelmalestar.org\/wp-content\/uploads\/2024\/11\/01la-vuitena-arma-80x50.jpg 80w\" sizes=\"auto, (max-width: 780px) 100vw, 780px\" data-caption=\"\" class=\"light-dropshaddow\" itemprop=\"contentUrl\" alt=\"\"><meta itemprop=\"url\" content=\"https:\/\/polititzacionsdelmalestar.org\/wp-content\/uploads\/2024\/11\/01la-vuitena-arma.jpg\"><meta itemprop=\"width\" content=\"780px\"><meta itemprop=\"height\" content=\"490px\"><\/div><\/div><\/a><\/div><\/div><div class=\"tcol-lg-12 tcol-md-12 tcol-sm-12 tcol-xs-12 tcol-ss-12 g_item\"><div class=\"grid_item kt_item_fade_in kad_gallery_fade_in gallery_item\"><a href=\"https:\/\/polititzacionsdelmalestar.org\/wp-content\/uploads\/2024\/11\/00aP1000496.jpg\" data-rel=\"lightbox\" class=\"lightboxhover\"><div class=\"kt-intrinsic\" style=\"padding-bottom:62.820512820513%;\"><div itemprop=\"image\" itemscope itemtype=\"https:\/\/schema.org\/ImageObject\"><img loading=\"lazy\" decoding=\"async\" width=\"780\" height=\"490\" src=\"https:\/\/polititzacionsdelmalestar.org\/wp-content\/uploads\/2024\/11\/00aP1000496.jpg\" srcset=\"https:\/\/polititzacionsdelmalestar.org\/wp-content\/uploads\/2024\/11\/00aP1000496.jpg 780w, https:\/\/polititzacionsdelmalestar.org\/wp-content\/uploads\/2024\/11\/00aP1000496-300x188.jpg 300w, https:\/\/polititzacionsdelmalestar.org\/wp-content\/uploads\/2024\/11\/00aP1000496-768x482.jpg 768w, https:\/\/polititzacionsdelmalestar.org\/wp-content\/uploads\/2024\/11\/00aP1000496-80x50.jpg 80w\" sizes=\"auto, (max-width: 780px) 100vw, 780px\" data-caption=\"\" class=\"light-dropshaddow\" itemprop=\"contentUrl\" alt=\"\"><meta itemprop=\"url\" content=\"https:\/\/polititzacionsdelmalestar.org\/wp-content\/uploads\/2024\/11\/00aP1000496.jpg\"><meta itemprop=\"width\" content=\"780px\"><meta itemprop=\"height\" content=\"490px\"><\/div><\/div><\/a><\/div><\/div><\/div><\/div><\/div><\/div><\/div>","protected":false},"excerpt":{"rendered":"<h3><a href=\"https:\/\/polititzacionsdelmalestar.org\/es\/la-octava-arma\/\">La octava arma<\/a><\/h3>\n<p>2023<br \/>\n<a href=\"https:\/\/polititzacionsdelmalestar.org\/es\/ximenez-marga\/\/\"><strong>Marga Ximenez<\/strong><\/a><\/p>\n","protected":false},"author":6,"featured_media":10781,"comment_status":"closed","ping_status":"closed","sticky":false,"template":"","format":"standard","meta":{"footnotes":""},"categories":[205],"tags":[],"class_list":["post-11557","post","type-post","status-publish","format-standard","has-post-thumbnail","hentry","category-projectesarxiu-es"],"_links":{"self":[{"href":"https:\/\/polititzacionsdelmalestar.org\/es\/wp-json\/wp\/v2\/posts\/11557","targetHints":{"allow":["GET"]}}],"collection":[{"href":"https:\/\/polititzacionsdelmalestar.org\/es\/wp-json\/wp\/v2\/posts"}],"about":[{"href":"https:\/\/polititzacionsdelmalestar.org\/es\/wp-json\/wp\/v2\/types\/post"}],"author":[{"embeddable":true,"href":"https:\/\/polititzacionsdelmalestar.org\/es\/wp-json\/wp\/v2\/users\/6"}],"replies":[{"embeddable":true,"href":"https:\/\/polititzacionsdelmalestar.org\/es\/wp-json\/wp\/v2\/comments?post=11557"}],"version-history":[{"count":4,"href":"https:\/\/polititzacionsdelmalestar.org\/es\/wp-json\/wp\/v2\/posts\/11557\/revisions"}],"predecessor-version":[{"id":11564,"href":"https:\/\/polititzacionsdelmalestar.org\/es\/wp-json\/wp\/v2\/posts\/11557\/revisions\/11564"}],"wp:featuredmedia":[{"embeddable":true,"href":"https:\/\/polititzacionsdelmalestar.org\/es\/wp-json\/wp\/v2\/media\/10781"}],"wp:attachment":[{"href":"https:\/\/polititzacionsdelmalestar.org\/es\/wp-json\/wp\/v2\/media?parent=11557"}],"wp:term":[{"taxonomy":"category","embeddable":true,"href":"https:\/\/polititzacionsdelmalestar.org\/es\/wp-json\/wp\/v2\/categories?post=11557"},{"taxonomy":"post_tag","embeddable":true,"href":"https:\/\/polititzacionsdelmalestar.org\/es\/wp-json\/wp\/v2\/tags?post=11557"}],"curies":[{"name":"wp","href":"https:\/\/api.w.org\/{rel}","templated":true}]}}