


{"id":11554,"date":"2024-11-12T10:33:12","date_gmt":"2024-11-12T10:33:12","guid":{"rendered":"https:\/\/polititzacionsdelmalestar.org\/dominguez-yolanda\/"},"modified":"2025-01-08T13:04:11","modified_gmt":"2025-01-08T13:04:11","slug":"dominguez-yolanda","status":"publish","type":"post","link":"https:\/\/polititzacionsdelmalestar.org\/es\/dominguez-yolanda\/","title":{"rendered":"Dom\u00ednguez, Yolanda"},"content":{"rendered":"<div id=\"pl-11554\"  class=\"panel-layout\" ><div id=\"pg-11554-0\"  class=\"panel-grid panel-no-style\" ><div id=\"pgc-11554-0-0\"  class=\"panel-grid-cell\" ><div id=\"panel-11554-0-0-0\" class=\"so-panel widget widget_sow-editor panel-first-child panel-last-child\" data-index=\"0\" ><div class=\"panel-widget-style panel-widget-style-for-11554-0-0-0\" ><div\n\t\t\t\n\t\t\tclass=\"so-widget-sow-editor so-widget-sow-editor-base\"\n\t\t\t\n\t\t>\n<div class=\"siteorigin-widget-tinymce textwidget\">\n\t<p style=\"text-align: center;\"><strong>Relatos para deconstruir la violencia machista desde la Historia del arte<\/strong><\/p>\n<\/div>\n<\/div><\/div><\/div><\/div><\/div><div id=\"pg-11554-1\"  class=\"panel-grid panel-no-style\" ><div id=\"pgc-11554-1-0\"  class=\"panel-grid-cell\" ><div id=\"panel-11554-1-0-0\" class=\"so-panel widget widget_sow-editor panel-first-child panel-last-child\" data-index=\"1\" ><div\n\t\t\t\n\t\t\tclass=\"so-widget-sow-editor so-widget-sow-editor-base\"\n\t\t\t\n\t\t><h3 class=\"widget-title\">Yolanda Dom\u00ednguez<\/h3>\n<div class=\"siteorigin-widget-tinymce textwidget\">\n\t<div class=\"siteorigin-widget-tinymce textwidget\"><\/div>\n<p><img loading=\"lazy\" decoding=\"async\" class=\"alignnone size-medium wp-image-10683\" src=\"https:\/\/polititzacionsdelmalestar.org\/wp-content\/uploads\/2024\/11\/Fig.-1_Yolanda-Dominguez.-Kids-vs-Fashion_2015.--300x169.jpg\" alt=\"\" width=\"300\" height=\"169\" srcset=\"https:\/\/polititzacionsdelmalestar.org\/wp-content\/uploads\/2024\/11\/Fig.-1_Yolanda-Dominguez.-Kids-vs-Fashion_2015.--300x169.jpg 300w, https:\/\/polititzacionsdelmalestar.org\/wp-content\/uploads\/2024\/11\/Fig.-1_Yolanda-Dominguez.-Kids-vs-Fashion_2015.--1024x576.jpg 1024w, https:\/\/polititzacionsdelmalestar.org\/wp-content\/uploads\/2024\/11\/Fig.-1_Yolanda-Dominguez.-Kids-vs-Fashion_2015.--768x432.jpg 768w, https:\/\/polititzacionsdelmalestar.org\/wp-content\/uploads\/2024\/11\/Fig.-1_Yolanda-Dominguez.-Kids-vs-Fashion_2015.--728x410.jpg 728w, https:\/\/polititzacionsdelmalestar.org\/wp-content\/uploads\/2024\/11\/Fig.-1_Yolanda-Dominguez.-Kids-vs-Fashion_2015.--364x205.jpg 364w, https:\/\/polititzacionsdelmalestar.org\/wp-content\/uploads\/2024\/11\/Fig.-1_Yolanda-Dominguez.-Kids-vs-Fashion_2015.--520x292.jpg 520w, https:\/\/polititzacionsdelmalestar.org\/wp-content\/uploads\/2024\/11\/Fig.-1_Yolanda-Dominguez.-Kids-vs-Fashion_2015.--260x146.jpg 260w, https:\/\/polititzacionsdelmalestar.org\/wp-content\/uploads\/2024\/11\/Fig.-1_Yolanda-Dominguez.-Kids-vs-Fashion_2015.-.jpg 1134w\" sizes=\"auto, (max-width: 300px) 100vw, 300px\" \/><br \/>\n<em>Fotograma del v\u00eddeo del proyecto.<\/em><\/p>\n<h5><a href=\"https:\/\/polititzacionsdelmalestar.org\/es\/ninos-vs-moda\/\">Ni\u00f1os vs moda<\/a><\/h5>\n<p>2015<\/p>\n<h3>Yolanda Dom\u00ednguez<\/h3>\n<p>Yolanda Dom\u00ednguez, artista visual experta en comunicaci\u00f3n para la igualdad, utiliza el arte para despertar la conciencia social y empoderar a las personas. Lleva m\u00e1s de once a\u00f1os creando trabajos de participaci\u00f3n colectiva y piezas audiovisuales cuyo objetivo es desenmascarar al machismo normalizado en nuestra cultura.<br \/>\nEstudi\u00f3 Administraci\u00f3n y Direcci\u00f3n de Empresas en la Universidad Complutense de Madrid, Bellas Artes en la Universidad Complutense de Madrid y es M\u00e1ster en Arte y Nuevas Tecnolog\u00edas por la Universidad Europea de Madrid y M\u00e1ster en Fotograf\u00eda por la Escuela de Fotograf\u00eda EFTI de Madrid. Ha sido becada por el Ministerio de Cultura de Espa\u00f1a y premiada por Instituciones como Uni\u00f3 de Periodistes Valencians y el Design Museum de Londres. Y es miembro de la C\u00e1tedra UNESCO en Educaci\u00f3n para la Justicia Social de la Universidad Aut\u00f3noma de Madrid. Es autora del libro 'Maldito estereotipo' (2021) y realiza campa\u00f1as de concienciaci\u00f3n espec\u00edficas para organismos gubernamentales como el Ministerio de Igualdad.<\/p>\n<p><a href=\"https:\/\/yolandadominguez.com\/\" target=\"_blank\" rel=\"noopener\"> Web oficial Yolanda Dom\u00ednguez<\/a><\/p>\n<\/div>\n<\/div><\/div><\/div><div id=\"pgc-11554-1-1\"  class=\"panel-grid-cell\" ><div id=\"panel-11554-1-1-0\" class=\"so-panel widget widget_sow-editor panel-first-child panel-last-child\" data-index=\"2\" ><div\n\t\t\t\n\t\t\tclass=\"so-widget-sow-editor so-widget-sow-editor-base\"\n\t\t\t\n\t\t>\n<div class=\"siteorigin-widget-tinymce textwidget\">\n\t<p><strong><br \/>Otros proyectos relacionados de la misma autora<\/strong><\/p>\n<div><a href=\"https:\/\/yolandadominguez.com\/portfolio\/perdona-call-me-senora\/\"><span lang=\"CA\">Perdona, call me se\u00f1ora (2023)<\/span><\/a><\/div>\n<div>\n<div><a href=\"https:\/\/yolandadominguez.com\/portfolio\/parasoles\/\"><span lang=\"CA\">Parasoles (2022)<\/span><\/a><\/div>\n<div>\n<div><a href=\"https:\/\/yolandadominguez.com\/portfolio\/1-027-nombres\/\"><span lang=\"CA\">1.027 n\u00fameros (2021)<\/span><\/a><\/div>\n<div>\n<div><a href=\"https:\/\/yolandadominguez.com\/portfolio\/ojos-que-ven-corazones-que-sienten\/\"><span lang=\"CA\">Ojos que vende, corazones que sienten (2021)<\/span><\/a><\/div>\n<div>\n<div><a href=\"https:\/\/yolandadominguez.com\/portfolio\/help\/\"><span lang=\"CA\">HELP (2018)<\/span><\/a><\/div>\n<div>\n<div><a href=\"https:\/\/yolandadominguez.com\/portfolio\/little-black-dress\/\"><span lang=\"CA\">Little Black Dress (2017)<\/span><\/a><\/div>\n<div>\n<div><a href=\"https:\/\/yolandadominguez.com\/portfolio\/no-tocar-no-matar-no-violar\/\"><span lang=\"CA\">\"No tocar, No matar, No violar\" (2016)<\/span><\/a><\/div>\n<div><a href=\"https:\/\/yolandadominguez.com\/portfolio\/accesibles-y-accesorias\/\">Accesibles y Accesorias (2015)<\/a><\/div>\n<div>\n<div><a href=\"https:\/\/yolandadominguez.com\/portfolio\/registro\/\"><span lang=\"CA\">Registro (2014)<\/span><\/a><\/div>\n<div>\n<div><a href=\"https:\/\/yolandadominguez.com\/portfolio\/no-soy-solo-un-cuerpo\/\"><span lang=\"CA\">No soy s\u00f3lo un cuerpo (2014)<\/span><\/a><\/div>\n<div>\n<div><a href=\"https:\/\/yolandadominguez.com\/portfolio\/azafatas\/\"><span lang=\"CA\">Azafatas (2012)<\/span><\/a><\/div>\n<div>\n<div><a href=\"https:\/\/yolandadominguez.com\/portfolio\/poses\/\"><span lang=\"CA\">Poses (2011)<\/span><\/a><\/div>\n<div>\n<div><a href=\"https:\/\/yolandadominguez.com\/portfolio\/katy-salinas\/\"><span lang=\"CA\">Katy Salinas (2010)<\/span><\/a><\/div>\n<div>\n<div><a href=\"https:\/\/yolandadominguez.com\/portfolio\/princesas-2-8\/\"><span lang=\"CA\">Princesas 2.8 (<\/span> <span lang=\"CA\">2008)<\/span> <\/a><\/div>\n<\/div>\n<\/div>\n<\/div>\n<\/div>\n<\/div>\n<\/div>\n<div><\/div>\n<\/div>\n<\/div>\n<\/div>\n<\/div>\n<\/div>\n<\/div>\n<\/div>\n<\/div><\/div><\/div><\/div><\/div>","protected":false},"excerpt":{"rendered":"<h5><a href=\"https:\/\/polititzacionsdelmalestar.org\/es\/dominguez-yolanda\/\">Yolanda Dom\u00ednguez<\/a><\/h5>\n<li><a href=\"https:\/\/polititzacionsdelmalestar.org\/es\/ninos-vs-moda\/\">Ni\u00f1os vs moda<\/a><\/li>\n","protected":false},"author":6,"featured_media":0,"comment_status":"closed","ping_status":"closed","sticky":false,"template":"","format":"standard","meta":{"footnotes":""},"categories":[206],"tags":[],"class_list":["post-11554","post","type-post","status-publish","format-standard","hentry","category-autoresarxiu-es"],"_links":{"self":[{"href":"https:\/\/polititzacionsdelmalestar.org\/es\/wp-json\/wp\/v2\/posts\/11554","targetHints":{"allow":["GET"]}}],"collection":[{"href":"https:\/\/polititzacionsdelmalestar.org\/es\/wp-json\/wp\/v2\/posts"}],"about":[{"href":"https:\/\/polititzacionsdelmalestar.org\/es\/wp-json\/wp\/v2\/types\/post"}],"author":[{"embeddable":true,"href":"https:\/\/polititzacionsdelmalestar.org\/es\/wp-json\/wp\/v2\/users\/6"}],"replies":[{"embeddable":true,"href":"https:\/\/polititzacionsdelmalestar.org\/es\/wp-json\/wp\/v2\/comments?post=11554"}],"version-history":[{"count":3,"href":"https:\/\/polititzacionsdelmalestar.org\/es\/wp-json\/wp\/v2\/posts\/11554\/revisions"}],"predecessor-version":[{"id":11649,"href":"https:\/\/polititzacionsdelmalestar.org\/es\/wp-json\/wp\/v2\/posts\/11554\/revisions\/11649"}],"wp:attachment":[{"href":"https:\/\/polititzacionsdelmalestar.org\/es\/wp-json\/wp\/v2\/media?parent=11554"}],"wp:term":[{"taxonomy":"category","embeddable":true,"href":"https:\/\/polititzacionsdelmalestar.org\/es\/wp-json\/wp\/v2\/categories?post=11554"},{"taxonomy":"post_tag","embeddable":true,"href":"https:\/\/polititzacionsdelmalestar.org\/es\/wp-json\/wp\/v2\/tags?post=11554"}],"curies":[{"name":"wp","href":"https:\/\/api.w.org\/{rel}","templated":true}]}}