


{"id":11551,"date":"2024-11-12T11:12:07","date_gmt":"2024-11-12T11:12:07","guid":{"rendered":"https:\/\/polititzacionsdelmalestar.org\/ninos-vs-moda\/"},"modified":"2025-01-15T11:08:27","modified_gmt":"2025-01-15T11:08:27","slug":"ninos-vs-moda","status":"publish","type":"post","link":"https:\/\/polititzacionsdelmalestar.org\/es\/ninos-vs-moda\/","title":{"rendered":"Ni\u00f1os vs moda"},"content":{"rendered":"<div id=\"pl-11551\"  class=\"panel-layout\" ><div id=\"pg-11551-0\"  class=\"panel-grid panel-no-style\" ><div id=\"pgc-11551-0-0\"  class=\"panel-grid-cell\" ><div id=\"panel-11551-0-0-0\" class=\"so-panel widget widget_sow-editor panel-first-child\" data-index=\"0\" ><div class=\"panel-widget-style panel-widget-style-for-11551-0-0-0\" ><div\n\t\t\t\n\t\t\tclass=\"so-widget-sow-editor so-widget-sow-editor-base\"\n\t\t\t\n\t\t>\n<div class=\"siteorigin-widget-tinymce textwidget\">\n\t<p style=\"text-align: center;\"><strong>Relatos para deconstruir la violencia machista desde la Historia del arte<\/strong><\/p>\n<\/div>\n<\/div><\/div><\/div><div id=\"panel-11551-0-0-1\" class=\"so-panel widget widget_virtue_gallery_widget virtue_gallery_widget\" data-index=\"1\" ><h3 class=\"widget-title\">Ni\u00f1os vs moda<\/h3><div id=\"kad-wp-gallery327\" class=\"kad-wp-gallery gallery kt-gallery-column-1 init-isotope-intrinsic reinit-isotope kad-light-wp-gallery clearfix rowtight\" data-fade-in=\"1\" data-iso-selector=\".g_item\" data-iso-style=\"masonry\" data-iso-filter=\"false\"><div class=\"tcol-lg-12 tcol-md-12 tcol-sm-12 tcol-xs-12 tcol-ss-12 g_item\"><div class=\"grid_item kt_item_fade_in kad_gallery_fade_in gallery_item\"><a href=\"https:\/\/polititzacionsdelmalestar.org\/wp-content\/uploads\/2024\/11\/Fig.-1_Yolanda-Dominguez.-Kids-vs-Fashion_2015.-.jpg\" data-rel=\"lightbox\" class=\"lightboxhover\"><div class=\"kt-intrinsic\" style=\"padding-bottom:100%;\"><div itemprop=\"image\" itemscope itemtype=\"https:\/\/schema.org\/ImageObject\"><img loading=\"lazy\" decoding=\"async\" width=\"560\" height=\"560\" src=\"https:\/\/polititzacionsdelmalestar.org\/wp-content\/uploads\/2024\/11\/Fig.-1_Yolanda-Dominguez.-Kids-vs-Fashion_2015.--560x560.jpg\" srcset=\"https:\/\/polititzacionsdelmalestar.org\/wp-content\/uploads\/2024\/11\/Fig.-1_Yolanda-Dominguez.-Kids-vs-Fashion_2015.--560x560.jpg 560w, https:\/\/polititzacionsdelmalestar.org\/wp-content\/uploads\/2024\/11\/Fig.-1_Yolanda-Dominguez.-Kids-vs-Fashion_2015.--150x150.jpg 150w\" sizes=\"auto, (max-width: 560px) 100vw, 560px\" data-caption=\"Ni\u00f1os vs moda (2015). Seq\u00fcencia del v\u00eddeo del projecte. Cortesia de l\u2019artista.\" class=\"light-dropshaddow\" itemprop=\"contentUrl\" alt=\"\"><meta itemprop=\"url\" content=\"https:\/\/polititzacionsdelmalestar.org\/wp-content\/uploads\/2024\/11\/Fig.-1_Yolanda-Dominguez.-Kids-vs-Fashion_2015.--560x560.jpg\"><meta itemprop=\"width\" content=\"560px\"><meta itemprop=\"height\" content=\"560px\"><\/div><\/div><div class=\"caption kad_caption\"><div class=\"kad_caption_inner\">Ni\u00f1os vs moda (2015). Seq\u00fcencia del v\u00eddeo del projecte. Cortesia de l\u2019artista.<\/div><\/div><\/a><\/div><\/div><\/div><\/div><div id=\"panel-11551-0-0-2\" class=\"so-panel widget widget_sow-editor panel-last-child\" data-index=\"2\" ><div\n\t\t\t\n\t\t\tclass=\"so-widget-sow-editor so-widget-sow-editor-base\"\n\t\t\t\n\t\t>\n<div class=\"siteorigin-widget-tinymce textwidget\">\n\t<p>2015<\/p>\n<p>La artista Yolanda Dom\u00ednguez, en el proyecto <em>Ni\u00f1os vs moda<\/em> (2015), en el que colabora con el educador social Juanjo Vergara, llev\u00f3 a cabo un trabajo procesual con ni\u00f1os y ni\u00f1as de 8 a\u00f1os mostr\u00e1ndoles im\u00e1genes de campa\u00f1as publicitarias\u00a0<span lang=\"CA\">\u2014<\/span>de Dior, Loewe, Vogue, Dolce &amp; Gabbana, Pepe Jeans, Giorgio Armani y otras marcas<span lang=\"CA\">\u2014\u00a0<\/span>para enfocar los estereotipos y denunciar la opresi\u00f3n estructural hacia los cuerpos femeninos. Los menores exponen, en sus comentarios sobre las im\u00e1genes publicitarias, la violencia que acompa\u00f1a las representaciones de mujeres en contraposici\u00f3n a unas im\u00e1genes masculinas que remiten a la figura del h\u00e9roe y al \u00e9xito social. Yolanda Dom\u00ednguez evidencia y denuncia la desigualdad de g\u00e9nero en la publicidad, los estereotipos y prejuicios, y finaliza el video documental\u00a0<span lang=\"CA\">\u2014<\/span>que recoge el proceso de trabajo del proyecto<span lang=\"CA\">\u2014\u00a0<\/span>con la siguiente pregunta: \u00bfS\u00f3lo los ni\u00f1os perciben la violencia con la que se representa a las mujeres en la moda? La artista alerta sobre la \"normalizaci\u00f3n\" de la violencia y el sexismo de las im\u00e1genes publicitarias a trav\u00e9s de una mirada infantil y expone la necesidad de activar una mirada cr\u00edtica.<\/p>\n<\/div>\n<\/div><\/div><\/div><div id=\"pgc-11551-0-1\"  class=\"panel-grid-cell\" ><div id=\"panel-11551-0-1-0\" class=\"so-panel widget widget_sow-editor panel-first-child\" data-index=\"3\" ><div\n\t\t\t\n\t\t\tclass=\"so-widget-sow-editor so-widget-sow-editor-base\"\n\t\t\t\n\t\t>\n<div class=\"siteorigin-widget-tinymce textwidget\">\n\t<\/div>\n<\/div><\/div><div id=\"panel-11551-0-1-1\" class=\"so-panel widget widget_sow-editor\" data-index=\"4\" ><div\n\t\t\t\n\t\t\tclass=\"so-widget-sow-editor so-widget-sow-editor-base\"\n\t\t\t\n\t\t>\n<div class=\"siteorigin-widget-tinymce textwidget\">\n\t<h5><a href=\"https:\/\/polititzacionsdelmalestar.org\/es\/dominguez-yolanda\/\">Yolanda Dom\u00ednguez<\/a><\/h5>\n<h4>Documentos media<\/h4>\n<div><a href=\"https:\/\/yolandadominguez.com\/portfolio\/maldito-estereotipo\/\"><i><span lang=\"ES-TRAD\">Dom\u00ednguez, Y. (2021). Maldito estereotipo. \u00a1As\u00ed te manipulan los medos y las im\u00e1genes! <\/span><\/i><span lang=\"EN-US\">Penguin Random House.<\/span><\/a><\/div>\n<div><a href=\".%20https:\/\/www.accesos.info\/wp-content\/uploads\/2024\/03\/Laia-Manonelles.pdf\"><span lang=\"CA\">Manonelles Moner, L. (2022). C\u00f3mo desactivar los malditos estereotipos: una aproximaci\u00f3n al proyecto Ni\u00f1os vs moda de Yolanda Dom\u00ednguez. Accesos: Revista de investigaci\u00f3n art\u00edstica, (5), 130-139. <\/span><\/a><\/div>\n<\/div>\n<\/div><\/div><div id=\"panel-11551-0-1-2\" class=\"so-panel widget widget_virtue_gallery_widget virtue_gallery_widget panel-last-child\" data-index=\"5\" ><\/div><\/div><\/div><\/div>","protected":false},"excerpt":{"rendered":"<h3><a href=\"https:\/\/polititzacionsdelmalestar.org\/es\/ninos-vs-moda\/\">Ni\u00f1os vs moda<\/a><\/h3>\n<p>2015<br \/>\n<a href=\"https:\/\/polititzacionsdelmalestar.org\/10680\/yolanda-dominguez-2\/\"><strong>Yolanda Dom\u00ednguez<\/strong><\/a><\/p>\n","protected":false},"author":6,"featured_media":10685,"comment_status":"closed","ping_status":"closed","sticky":false,"template":"","format":"standard","meta":{"footnotes":""},"categories":[205],"tags":[],"class_list":["post-11551","post","type-post","status-publish","format-standard","has-post-thumbnail","hentry","category-projectesarxiu-es"],"_links":{"self":[{"href":"https:\/\/polititzacionsdelmalestar.org\/es\/wp-json\/wp\/v2\/posts\/11551","targetHints":{"allow":["GET"]}}],"collection":[{"href":"https:\/\/polititzacionsdelmalestar.org\/es\/wp-json\/wp\/v2\/posts"}],"about":[{"href":"https:\/\/polititzacionsdelmalestar.org\/es\/wp-json\/wp\/v2\/types\/post"}],"author":[{"embeddable":true,"href":"https:\/\/polititzacionsdelmalestar.org\/es\/wp-json\/wp\/v2\/users\/6"}],"replies":[{"embeddable":true,"href":"https:\/\/polititzacionsdelmalestar.org\/es\/wp-json\/wp\/v2\/comments?post=11551"}],"version-history":[{"count":8,"href":"https:\/\/polititzacionsdelmalestar.org\/es\/wp-json\/wp\/v2\/posts\/11551\/revisions"}],"predecessor-version":[{"id":11886,"href":"https:\/\/polititzacionsdelmalestar.org\/es\/wp-json\/wp\/v2\/posts\/11551\/revisions\/11886"}],"wp:featuredmedia":[{"embeddable":true,"href":"https:\/\/polititzacionsdelmalestar.org\/es\/wp-json\/wp\/v2\/media\/10685"}],"wp:attachment":[{"href":"https:\/\/polititzacionsdelmalestar.org\/es\/wp-json\/wp\/v2\/media?parent=11551"}],"wp:term":[{"taxonomy":"category","embeddable":true,"href":"https:\/\/polititzacionsdelmalestar.org\/es\/wp-json\/wp\/v2\/categories?post=11551"},{"taxonomy":"post_tag","embeddable":true,"href":"https:\/\/polititzacionsdelmalestar.org\/es\/wp-json\/wp\/v2\/tags?post=11551"}],"curies":[{"name":"wp","href":"https:\/\/api.w.org\/{rel}","templated":true}]}}