


{"id":11538,"date":"2024-11-12T15:50:20","date_gmt":"2024-11-12T15:50:20","guid":{"rendered":"https:\/\/polititzacionsdelmalestar.org\/queridas-viejas\/"},"modified":"2025-01-08T14:48:24","modified_gmt":"2025-01-08T14:48:24","slug":"queridas-viejas","status":"publish","type":"post","link":"https:\/\/polititzacionsdelmalestar.org\/es\/queridas-viejas\/","title":{"rendered":"Queridas viejas"},"content":{"rendered":"<div id=\"pl-11538\"  class=\"panel-layout\" ><div id=\"pg-11538-0\"  class=\"panel-grid panel-no-style\" ><div id=\"pgc-11538-0-0\"  class=\"panel-grid-cell\" ><div id=\"panel-11538-0-0-0\" class=\"so-panel widget widget_sow-editor panel-first-child\" data-index=\"0\" ><div class=\"panel-widget-style panel-widget-style-for-11538-0-0-0\" ><div\n\t\t\t\n\t\t\tclass=\"so-widget-sow-editor so-widget-sow-editor-base\"\n\t\t\t\n\t\t>\n<div class=\"siteorigin-widget-tinymce textwidget\">\n\t<p style=\"text-align: center;\"><strong>Relatos para deconstruir la violencia machista desde la Historia del arte<\/strong><\/p>\n<\/div>\n<\/div><\/div><\/div><div id=\"panel-11538-0-0-1\" class=\"so-panel widget widget_virtue_gallery_widget virtue_gallery_widget\" data-index=\"1\" ><h3 class=\"widget-title\">Queridas viejas<\/h3><div id=\"kad-wp-gallery735\" class=\"kad-wp-gallery gallery kt-gallery-column-1 init-isotope-intrinsic reinit-isotope kad-light-wp-gallery clearfix rowtight\" data-fade-in=\"1\" data-iso-selector=\".g_item\" data-iso-style=\"masonry\" data-iso-filter=\"false\"><div class=\"tcol-lg-12 tcol-md-12 tcol-sm-12 tcol-xs-12 tcol-ss-12 g_item\"><div class=\"grid_item kt_item_fade_in kad_gallery_fade_in gallery_item\"><a href=\"https:\/\/polititzacionsdelmalestar.org\/wp-content\/uploads\/2024\/11\/Queridas-Viejas_Maria-Gimeno_WEB_1340_c.jpg\" data-rel=\"lightbox\" class=\"lightboxhover\"><div class=\"kt-intrinsic\" style=\"padding-bottom:100%;\"><div itemprop=\"image\" itemscope itemtype=\"https:\/\/schema.org\/ImageObject\"><img loading=\"lazy\" decoding=\"async\" width=\"560\" height=\"560\" src=\"https:\/\/polititzacionsdelmalestar.org\/wp-content\/uploads\/2024\/11\/Queridas-Viejas_Maria-Gimeno_WEB_1340_c-560x560.jpg\" srcset=\"https:\/\/polititzacionsdelmalestar.org\/wp-content\/uploads\/2024\/11\/Queridas-Viejas_Maria-Gimeno_WEB_1340_c-560x560.jpg 560w, https:\/\/polititzacionsdelmalestar.org\/wp-content\/uploads\/2024\/11\/Queridas-Viejas_Maria-Gimeno_WEB_1340_c-150x150.jpg 150w\" sizes=\"auto, (max-width: 560px) 100vw, 560px\" data-caption=\"\" class=\"light-dropshaddow\" itemprop=\"contentUrl\" alt=\"\"><meta itemprop=\"url\" content=\"https:\/\/polititzacionsdelmalestar.org\/wp-content\/uploads\/2024\/11\/Queridas-Viejas_Maria-Gimeno_WEB_1340_c-560x560.jpg\"><meta itemprop=\"width\" content=\"560px\"><meta itemprop=\"height\" content=\"560px\"><\/div><\/div><\/a><\/div><\/div><\/div><\/div><div id=\"panel-11538-0-0-2\" class=\"so-panel widget widget_sow-editor panel-last-child\" data-index=\"2\" ><div\n\t\t\t\n\t\t\tclass=\"so-widget-sow-editor so-widget-sow-editor-base\"\n\t\t\t\n\t\t>\n<div class=\"siteorigin-widget-tinymce textwidget\">\n\t<p>2014<\/p>\n<div>\n<p style=\"font-weight: 400;\"><em>Queridas viejas<\/em>\u00a0es una conferencia performativa que reivindica el lugar de las mujeres artistas en el relato hegem\u00f3nico de la Historia del Arte. La artista ha llevado a cabo esta acci\u00f3n en diferentes instituciones a lo largo de los \u00faltimos a\u00f1os, y su propuesta consiste en la \"reparaci\u00f3n\" de la omisi\u00f3n y la invisibilizaci\u00f3n de las mujeres creadoras en el manual can\u00f3nico de Historia del Arte de E. H. Gombrich (1909-2001). En esta acci\u00f3n, Mar\u00eda Gim\u00e9nez incluye las p\u00e1ginas que faltan en el manual, desde el siglo X hasta 1950, cuando se public\u00f3 el libro por primera vez. La artista investiga a las autoras excluidas y, mediante un corte de cuchillo en el lomo interior del libro, a\u00f1ade las p\u00e1ginas que faltan para corregir el error de Gombrich y del discurso patriarcal de la Historia del Arte. La conferencia devuelve las creaciones, de las mujeres artistas, a las p\u00e1ginas que les corresponden, siguiendo el mismo dise\u00f1o de maquetaci\u00f3n del libro original. Mar\u00eda Gim\u00e9nez explica que esta performance se nutre de la bibliograf\u00eda de cr\u00edticas e historiadoras feministas como Linda Nochlin, Griselda Pollock, Rozsika Parker, Christine Battersby, Judith Butler, Patricia Mayayo, Estrella de Diego, Miriam Fern\u00e1ndez Cao, Frances Borzello, Silvia Federici, Gerda Lerner..., con la voluntad de reescribir la Historia del Arte.<\/p>\n<\/div>\n<\/div>\n<\/div><\/div><\/div><div id=\"pgc-11538-0-1\"  class=\"panel-grid-cell\" ><div id=\"panel-11538-0-1-0\" class=\"so-panel widget widget_sow-editor panel-first-child\" data-index=\"3\" ><div\n\t\t\t\n\t\t\tclass=\"so-widget-sow-editor so-widget-sow-editor-base\"\n\t\t\t\n\t\t>\n<div class=\"siteorigin-widget-tinymce textwidget\">\n\t<h5><a href=\"https:\/\/polititzacionsdelmalestar.org\/es\/gimeno-maria\/\">Mar\u00eda Gimeno<\/a><\/h5>\n<h4>Documentos media<\/h4>\n<div><a href=\"https:\/\/www.cccb.org\/es\/multimedia\/videos\/queridas-viejas-de-maria-gimeno\/233602\"><span lang=\"CA\">Queridas viejas, Mar\u00eda Gimeno, CCCB, 2019<\/span><\/a><\/div>\n<\/div>\n<\/div><\/div><div id=\"panel-11538-0-1-1\" class=\"so-panel widget widget_sow-editor\" data-index=\"4\" ><div\n\t\t\t\n\t\t\tclass=\"so-widget-sow-editor so-widget-sow-editor-base\"\n\t\t\t\n\t\t>\n<div class=\"siteorigin-widget-tinymce textwidget\">\n\t<h4>Textos sobre el proyecto<\/h4>\n<a href=\"http:\/\/arts\" target=\"_blank\" rel=\"noopener\">Listado de enlaces<\/a>\n<a href=\"http:\/\/chino\" target=\"_blank\" rel=\"noopener\">Otros documentos<\/a><\/div>\n<\/div><\/div><div id=\"panel-11538-0-1-2\" class=\"so-panel widget widget_virtue_gallery_widget virtue_gallery_widget panel-last-child\" data-index=\"5\" ><\/div><\/div><\/div><\/div>","protected":false},"excerpt":{"rendered":"<h3><a href=\"https:\/\/polititzacionsdelmalestar.org\/es\/queridas-viejas\/\">Queridas viejas<\/a><\/h3>\n<p>2023<br \/>\n<a href=\"https:\/\/polititzacionsdelmalestar.org\/es\/gimeno-maria\/\"><strong>Mar\u00eda Gimeno<\/strong><\/a><\/p>\n","protected":false},"author":6,"featured_media":10713,"comment_status":"closed","ping_status":"closed","sticky":false,"template":"","format":"standard","meta":{"footnotes":""},"categories":[205],"tags":[],"class_list":["post-11538","post","type-post","status-publish","format-standard","has-post-thumbnail","hentry","category-projectesarxiu-es"],"_links":{"self":[{"href":"https:\/\/polititzacionsdelmalestar.org\/es\/wp-json\/wp\/v2\/posts\/11538","targetHints":{"allow":["GET"]}}],"collection":[{"href":"https:\/\/polititzacionsdelmalestar.org\/es\/wp-json\/wp\/v2\/posts"}],"about":[{"href":"https:\/\/polititzacionsdelmalestar.org\/es\/wp-json\/wp\/v2\/types\/post"}],"author":[{"embeddable":true,"href":"https:\/\/polititzacionsdelmalestar.org\/es\/wp-json\/wp\/v2\/users\/6"}],"replies":[{"embeddable":true,"href":"https:\/\/polititzacionsdelmalestar.org\/es\/wp-json\/wp\/v2\/comments?post=11538"}],"version-history":[{"count":5,"href":"https:\/\/polititzacionsdelmalestar.org\/es\/wp-json\/wp\/v2\/posts\/11538\/revisions"}],"predecessor-version":[{"id":11648,"href":"https:\/\/polititzacionsdelmalestar.org\/es\/wp-json\/wp\/v2\/posts\/11538\/revisions\/11648"}],"wp:featuredmedia":[{"embeddable":true,"href":"https:\/\/polititzacionsdelmalestar.org\/es\/wp-json\/wp\/v2\/media\/10713"}],"wp:attachment":[{"href":"https:\/\/polititzacionsdelmalestar.org\/es\/wp-json\/wp\/v2\/media?parent=11538"}],"wp:term":[{"taxonomy":"category","embeddable":true,"href":"https:\/\/polititzacionsdelmalestar.org\/es\/wp-json\/wp\/v2\/categories?post=11538"},{"taxonomy":"post_tag","embeddable":true,"href":"https:\/\/polititzacionsdelmalestar.org\/es\/wp-json\/wp\/v2\/tags?post=11538"}],"curies":[{"name":"wp","href":"https:\/\/api.w.org\/{rel}","templated":true}]}}