


{"id":11451,"date":"2024-11-13T10:52:47","date_gmt":"2024-11-13T10:52:47","guid":{"rendered":"https:\/\/polititzacionsdelmalestar.org\/sin-titulo-sangre-en-la-calle\/"},"modified":"2024-12-10T07:25:37","modified_gmt":"2024-12-10T07:25:37","slug":"sin-titulo-sangre-en-la-calle","status":"publish","type":"post","link":"https:\/\/polititzacionsdelmalestar.org\/es\/sin-titulo-sangre-en-la-calle\/","title":{"rendered":"Sin t\u00edtulo (Sangre en la calle)"},"content":{"rendered":"<div id=\"pl-11451\"  class=\"panel-layout\" ><div id=\"pg-11451-0\"  class=\"panel-grid panel-no-style\" ><div id=\"pgc-11451-0-0\"  class=\"panel-grid-cell\" ><div id=\"panel-11451-0-0-0\" class=\"so-panel widget widget_sow-editor panel-first-child\" data-index=\"0\" ><div class=\"panel-widget-style panel-widget-style-for-11451-0-0-0\" ><div\n\t\t\t\n\t\t\tclass=\"so-widget-sow-editor so-widget-sow-editor-base\"\n\t\t\t\n\t\t>\n<div class=\"siteorigin-widget-tinymce textwidget\">\n\t<p style=\"text-align: center;\"><strong>Relatos para deconstruir la violencia machista desde la Historia del arte<\/strong><\/p>\n<\/div>\n<\/div><\/div><\/div><div id=\"panel-11451-0-0-1\" class=\"so-panel widget widget_virtue_gallery_widget virtue_gallery_widget\" data-index=\"1\" ><h3 class=\"widget-title\">Sin t\u00edtulo (Sangre en la calle)<\/h3><div id=\"kad-wp-gallery221\" class=\"kad-wp-gallery gallery kt-gallery-column-1 init-isotope-intrinsic reinit-isotope kad-light-wp-gallery clearfix rowtight\" data-fade-in=\"1\" data-iso-selector=\".g_item\" data-iso-style=\"masonry\" data-iso-filter=\"false\"><div class=\"tcol-lg-12 tcol-md-12 tcol-sm-12 tcol-xs-12 tcol-ss-12 g_item\"><div class=\"grid_item kt_item_fade_in kad_gallery_fade_in gallery_item\"><a href=\"https:\/\/polititzacionsdelmalestar.org\/wp-content\/uploads\/2024\/11\/Pilar-Albarracin_Sangre-en-la-calle_Foto-1.jpg\" data-rel=\"lightbox\" class=\"lightboxhover\"><div class=\"kt-intrinsic\" style=\"padding-bottom:66.379310344828%;\"><div itemprop=\"image\" itemscope itemtype=\"https:\/\/schema.org\/ImageObject\"><img loading=\"lazy\" decoding=\"async\" width=\"580\" height=\"385\" src=\"https:\/\/polititzacionsdelmalestar.org\/wp-content\/uploads\/2024\/11\/Pilar-Albarracin_Sangre-en-la-calle_Foto-1.jpg\" srcset=\"https:\/\/polititzacionsdelmalestar.org\/wp-content\/uploads\/2024\/11\/Pilar-Albarracin_Sangre-en-la-calle_Foto-1.jpg 580w, https:\/\/polititzacionsdelmalestar.org\/wp-content\/uploads\/2024\/11\/Pilar-Albarracin_Sangre-en-la-calle_Foto-1-300x199.jpg 300w, https:\/\/polititzacionsdelmalestar.org\/wp-content\/uploads\/2024\/11\/Pilar-Albarracin_Sangre-en-la-calle_Foto-1-272x182.jpg 272w, https:\/\/polititzacionsdelmalestar.org\/wp-content\/uploads\/2024\/11\/Pilar-Albarracin_Sangre-en-la-calle_Foto-1-364x242.jpg 364w, https:\/\/polititzacionsdelmalestar.org\/wp-content\/uploads\/2024\/11\/Pilar-Albarracin_Sangre-en-la-calle_Foto-1-520x346.jpg 520w, https:\/\/polititzacionsdelmalestar.org\/wp-content\/uploads\/2024\/11\/Pilar-Albarracin_Sangre-en-la-calle_Foto-1-260x173.jpg 260w\" sizes=\"auto, (max-width: 580px) 100vw, 580px\" data-caption=\"Pilar Albarrac\u00edn, Sense t\u00edtol (Sang al carrer), 1992. Imatge \u00a9 Pilar Albarrac\u00edn.\" class=\"light-dropshaddow\" itemprop=\"contentUrl\" alt=\"\"><meta itemprop=\"url\" content=\"https:\/\/polititzacionsdelmalestar.org\/wp-content\/uploads\/2024\/11\/Pilar-Albarracin_Sangre-en-la-calle_Foto-1.jpg\"><meta itemprop=\"width\" content=\"580px\"><meta itemprop=\"height\" content=\"385px\"><\/div><\/div><div class=\"caption kad_caption\"><div class=\"kad_caption_inner\">Pilar Albarrac\u00edn, Sense t\u00edtol (Sang al carrer), 1992. Imatge \u00a9 Pilar Albarrac\u00edn.<\/div><\/div><\/a><\/div><\/div><\/div><\/div><div id=\"panel-11451-0-0-2\" class=\"so-panel widget widget_sow-editor panel-last-child\" data-index=\"2\" ><div\n\t\t\t\n\t\t\tclass=\"so-widget-sow-editor so-widget-sow-editor-base\"\n\t\t\t\n\t\t>\n<div class=\"siteorigin-widget-tinymce textwidget\">\n\t<p>1992<\/p>\n<p>Proyecto performativo ejecutado en ocho puntos y barrios distintos de Sevilla. En cada lugar, el artista yace tirada boca arriba con la ropa ensangrentada. El cambio de ropa y localizaci\u00f3n indica la transversalidad de la vulnerabilidad femenina en la v\u00eda p\u00fablica: mujeres prostituidas, estudiantes, profesionales, obreras, campesinas, migrantes, etc. La acci\u00f3n es un ejemplo de la autonom\u00eda del proceso de significaci\u00f3n de la obra en el espacio p\u00fablico. La artista la concibe en un contexto de fiesta y sangre: la celebraci\u00f3n de la Expo de Sevilla, junto a las amenazas de atentados de ETA y el incremento del n\u00famero de mujeres diagnosticadas de VIH. Sin embargo, hoy se considera una de las primeras performances en Espa\u00f1a sobre la violencia machista, el acoso, la violaci\u00f3n y\/o asesinato en la calle. La inacci\u00f3n de la gente muestra la manipulaci\u00f3n de la empat\u00eda por parte de los discursos del patriarcado medi\u00e1tico, ya sean las campa\u00f1as de los 90 contra los y las enfermas de sida, que convierten la sangre en uno de los fluidos corporales de estigmatizaci\u00f3n, o el tratamiento de la \u201cviolencia dom\u00e9stica\u201d, es decir, del \u00e1mbito privado, no pol\u00edtico, de las violencias contra las mujeres. Cuerpo, sangre y teatralidad son elementos clave de la obra de la artista.<\/p>\n<p><strong>Recorrido del proyecto. \u00bfD\u00f3nde se encuentra la obra?<\/strong><br \/>\nLa acci\u00f3n est\u00e1 documentada en foto y en v\u00eddeo (6\u00b425\u201d)<\/p>\n<\/div>\n<\/div><\/div><\/div><div id=\"pgc-11451-0-1\"  class=\"panel-grid-cell\" ><div id=\"panel-11451-0-1-0\" class=\"so-panel widget widget_sow-editor panel-first-child\" data-index=\"3\" ><div\n\t\t\t\n\t\t\tclass=\"so-widget-sow-editor so-widget-sow-editor-base\"\n\t\t\t\n\t\t>\n<div class=\"siteorigin-widget-tinymce textwidget\">\n\t<\/div>\n<\/div><\/div><div id=\"panel-11451-0-1-1\" class=\"so-panel widget widget_sow-editor\" data-index=\"4\" ><div\n\t\t\t\n\t\t\tclass=\"so-widget-sow-editor so-widget-sow-editor-base\"\n\t\t\t\n\t\t>\n<div class=\"siteorigin-widget-tinymce textwidget\">\n\t<h5><a href=\"https:\/\/polititzacionsdelmalestar.org\/es\/albarracin-pilar\/\">Pilar Albarrac\u00edn<\/a><\/h5>\n<h4>Fotos del proyecto<\/h4>\n<\/div>\n<\/div><\/div><div id=\"panel-11451-0-1-2\" class=\"so-panel widget widget_virtue_gallery_widget virtue_gallery_widget panel-last-child\" data-index=\"5\" ><div id=\"kad-wp-gallery434\" class=\"kad-wp-gallery gallery kt-gallery-column-1 init-isotope-intrinsic reinit-isotope kad-light-wp-gallery clearfix rowtight\" data-fade-in=\"1\" data-iso-selector=\".g_item\" data-iso-style=\"masonry\" data-iso-filter=\"false\"><div class=\"tcol-lg-12 tcol-md-12 tcol-sm-12 tcol-xs-12 tcol-ss-12 g_item\"><div class=\"grid_item kt_item_fade_in kad_gallery_fade_in gallery_item\"><a href=\"https:\/\/polititzacionsdelmalestar.org\/wp-content\/uploads\/2024\/11\/Pilar-Albarracin_Sangre-en-la-calle_Foto-2.jpg\" data-rel=\"lightbox\" class=\"lightboxhover\"><div class=\"kt-intrinsic\" style=\"padding-bottom:66.896551724138%;\"><div itemprop=\"image\" itemscope itemtype=\"https:\/\/schema.org\/ImageObject\"><img loading=\"lazy\" decoding=\"async\" width=\"580\" height=\"388\" src=\"https:\/\/polititzacionsdelmalestar.org\/wp-content\/uploads\/2024\/11\/Pilar-Albarracin_Sangre-en-la-calle_Foto-2.jpg\" srcset=\"https:\/\/polititzacionsdelmalestar.org\/wp-content\/uploads\/2024\/11\/Pilar-Albarracin_Sangre-en-la-calle_Foto-2.jpg 580w, https:\/\/polititzacionsdelmalestar.org\/wp-content\/uploads\/2024\/11\/Pilar-Albarracin_Sangre-en-la-calle_Foto-2-300x201.jpg 300w, https:\/\/polititzacionsdelmalestar.org\/wp-content\/uploads\/2024\/11\/Pilar-Albarracin_Sangre-en-la-calle_Foto-2-272x182.jpg 272w\" sizes=\"auto, (max-width: 580px) 100vw, 580px\" data-caption=\"Pilar Albarrac\u00edn, Sense t\u00edtol (Sang al carrer), 1992. Imatge \u00a9 Pilar Albarrac\u00edn.\" class=\"light-dropshaddow\" itemprop=\"contentUrl\" alt=\"\"><meta itemprop=\"url\" content=\"https:\/\/polititzacionsdelmalestar.org\/wp-content\/uploads\/2024\/11\/Pilar-Albarracin_Sangre-en-la-calle_Foto-2.jpg\"><meta itemprop=\"width\" content=\"580px\"><meta itemprop=\"height\" content=\"388px\"><\/div><\/div><div class=\"caption kad_caption\"><div class=\"kad_caption_inner\">Pilar Albarrac\u00edn, Sense t\u00edtol (Sang al carrer), 1992. Imatge \u00a9 Pilar Albarrac\u00edn.<\/div><\/div><\/a><\/div><\/div><\/div><\/div><\/div><\/div><\/div>","protected":false},"excerpt":{"rendered":"<h3><a href=\"https:\/\/polititzacionsdelmalestar.org\/es\/sin-titulo-sangre-en-la-calle\/\">Sin t\u00edtulo (Sangre en la calle)<\/a><\/h3>\n<p>2023<br \/>\n<a href=\"https:\/\/polititzacionsdelmalestar.org\/10869\/pilar-albarracin\/\"><strong>Pilar Albarrac\u00edn<\/strong><\/a><\/p>\n","protected":false},"author":6,"featured_media":10874,"comment_status":"closed","ping_status":"closed","sticky":false,"template":"","format":"standard","meta":{"footnotes":""},"categories":[205],"tags":[],"class_list":["post-11451","post","type-post","status-publish","format-standard","has-post-thumbnail","hentry","category-projectesarxiu-es"],"_links":{"self":[{"href":"https:\/\/polititzacionsdelmalestar.org\/es\/wp-json\/wp\/v2\/posts\/11451","targetHints":{"allow":["GET"]}}],"collection":[{"href":"https:\/\/polititzacionsdelmalestar.org\/es\/wp-json\/wp\/v2\/posts"}],"about":[{"href":"https:\/\/polititzacionsdelmalestar.org\/es\/wp-json\/wp\/v2\/types\/post"}],"author":[{"embeddable":true,"href":"https:\/\/polititzacionsdelmalestar.org\/es\/wp-json\/wp\/v2\/users\/6"}],"replies":[{"embeddable":true,"href":"https:\/\/polititzacionsdelmalestar.org\/es\/wp-json\/wp\/v2\/comments?post=11451"}],"version-history":[{"count":3,"href":"https:\/\/polititzacionsdelmalestar.org\/es\/wp-json\/wp\/v2\/posts\/11451\/revisions"}],"predecessor-version":[{"id":11457,"href":"https:\/\/polititzacionsdelmalestar.org\/es\/wp-json\/wp\/v2\/posts\/11451\/revisions\/11457"}],"wp:featuredmedia":[{"embeddable":true,"href":"https:\/\/polititzacionsdelmalestar.org\/es\/wp-json\/wp\/v2\/media\/10874"}],"wp:attachment":[{"href":"https:\/\/polititzacionsdelmalestar.org\/es\/wp-json\/wp\/v2\/media?parent=11451"}],"wp:term":[{"taxonomy":"category","embeddable":true,"href":"https:\/\/polititzacionsdelmalestar.org\/es\/wp-json\/wp\/v2\/categories?post=11451"},{"taxonomy":"post_tag","embeddable":true,"href":"https:\/\/polititzacionsdelmalestar.org\/es\/wp-json\/wp\/v2\/tags?post=11451"}],"curies":[{"name":"wp","href":"https:\/\/api.w.org\/{rel}","templated":true}]}}