


{"id":11427,"date":"2024-11-06T07:58:47","date_gmt":"2024-11-06T07:58:47","guid":{"rendered":"https:\/\/polititzacionsdelmalestar.org\/vamos-al-chino\/"},"modified":"2024-12-10T07:26:23","modified_gmt":"2024-12-10T07:26:23","slug":"vamos-al-chino","status":"publish","type":"post","link":"https:\/\/polititzacionsdelmalestar.org\/es\/vamos-al-chino\/","title":{"rendered":"Vamos al chino"},"content":{"rendered":"<div id=\"pl-11427\"  class=\"panel-layout\" ><div id=\"pg-11427-0\"  class=\"panel-grid panel-no-style\" ><div id=\"pgc-11427-0-0\"  class=\"panel-grid-cell\" ><div id=\"panel-11427-0-0-0\" class=\"so-panel widget widget_sow-editor panel-first-child\" data-index=\"0\" ><div class=\"panel-widget-style panel-widget-style-for-11427-0-0-0\" ><div\n\t\t\t\n\t\t\tclass=\"so-widget-sow-editor so-widget-sow-editor-base\"\n\t\t\t\n\t\t>\n<div class=\"siteorigin-widget-tinymce textwidget\">\n\t<p style=\"text-align: center;\"><strong>Relatos para deconstruir la violencia machista desde la Historia del arte<\/strong><\/p>\n<\/div>\n<\/div><\/div><\/div><div id=\"panel-11427-0-0-1\" class=\"so-panel widget widget_virtue_gallery_widget virtue_gallery_widget\" data-index=\"1\" ><h3 class=\"widget-title\">Vamos al chino<\/h3><div id=\"kad-wp-gallery930\" class=\"kad-wp-gallery gallery kt-gallery-column-1 init-isotope-intrinsic reinit-isotope kad-light-wp-gallery clearfix rowtight\" data-fade-in=\"1\" data-iso-selector=\".g_item\" data-iso-style=\"masonry\" data-iso-filter=\"false\"><div class=\"tcol-lg-12 tcol-md-12 tcol-sm-12 tcol-xs-12 tcol-ss-12 g_item\"><div class=\"grid_item kt_item_fade_in kad_gallery_fade_in gallery_item\"><a href=\"https:\/\/polititzacionsdelmalestar.org\/wp-content\/uploads\/2024\/11\/Cangrejo-Pro-1-606x366-1.jpg\" data-rel=\"lightbox\" class=\"lightboxhover\"><div class=\"kt-intrinsic\" style=\"padding-bottom:60.39603960396%;\"><div itemprop=\"image\" itemscope itemtype=\"https:\/\/schema.org\/ImageObject\"><img loading=\"lazy\" decoding=\"async\" width=\"606\" height=\"366\" src=\"https:\/\/polititzacionsdelmalestar.org\/wp-content\/uploads\/2024\/11\/Cangrejo-Pro-1-606x366-1.jpg\" srcset=\"https:\/\/polititzacionsdelmalestar.org\/wp-content\/uploads\/2024\/11\/Cangrejo-Pro-1-606x366-1.jpg 606w, https:\/\/polititzacionsdelmalestar.org\/wp-content\/uploads\/2024\/11\/Cangrejo-Pro-1-606x366-1-300x181.jpg 300w, https:\/\/polititzacionsdelmalestar.org\/wp-content\/uploads\/2024\/11\/Cangrejo-Pro-1-606x366-1-364x220.jpg 364w, https:\/\/polititzacionsdelmalestar.org\/wp-content\/uploads\/2024\/11\/Cangrejo-Pro-1-606x366-1-520x314.jpg 520w, https:\/\/polititzacionsdelmalestar.org\/wp-content\/uploads\/2024\/11\/Cangrejo-Pro-1-606x366-1-260x157.jpg 260w\" sizes=\"auto, (max-width: 606px) 100vw, 606px\" data-caption=\"Vamos al chino,any 2023, llegenda\" class=\"light-dropshaddow\" itemprop=\"contentUrl\" alt=\"Vamos al chino,any 2023, etc\"><meta itemprop=\"url\" content=\"https:\/\/polititzacionsdelmalestar.org\/wp-content\/uploads\/2024\/11\/Cangrejo-Pro-1-606x366-1.jpg\"><meta itemprop=\"width\" content=\"606px\"><meta itemprop=\"height\" content=\"366px\"><\/div><\/div><div class=\"caption kad_caption\"><div class=\"kad_caption_inner\">Vamos al chino,any 2023, llegenda<\/div><\/div><\/a><\/div><\/div><\/div><\/div><div id=\"panel-11427-0-0-2\" class=\"so-panel widget widget_sow-editor panel-last-child\" data-index=\"2\" ><div\n\t\t\t\n\t\t\tclass=\"so-widget-sow-editor so-widget-sow-editor-base\"\n\t\t\t\n\t\t>\n<div class=\"siteorigin-widget-tinymce textwidget\">\n\t<p>2023<\/p>\n<p>La acci\u00f3n comunitaria <em>Vamos al chino<\/em>, realizada en Madrid, Barcelona, Sevilla y San Sebasti\u00e1n por la Compa\u00f1\u00eda de Performance Cangrejo Pro, visibiliza y denuncia la violencia e inseguridad que sufren las personas \u2014y especialmente las mujeres\u2014 de la comunidad china que trabajan en bazares y tiendas de alimentaci\u00f3n. El Colectivo Cangrejo Pro encarna y propone que la audiencia encarne estas vivencias, devolviendo a la sociedad tales violencias y el racismo sist\u00e9mico. Una voz individual y una voz colectiva (a modo de coro) repitieron al final de la acci\u00f3n: \u00bfCrees que la situaci\u00f3n de las familias chinas no te afecta? Las pr\u00e1cticas art\u00edsticas procesuales, forjadas desde la sororidad, subrayan la relevancia de tejer redes de apoyo mutuo al mismo tiempo que se visibiliza y devuelve esa violencia sist\u00e9mica a la sociedad para fomentar un pensamiento cr\u00edtico.<\/p>\n<\/div>\n<\/div><\/div><\/div><div id=\"pgc-11427-0-1\"  class=\"panel-grid-cell\" ><div id=\"panel-11427-0-1-0\" class=\"so-panel widget widget_sow-editor panel-first-child\" data-index=\"3\" ><div\n\t\t\t\n\t\t\tclass=\"so-widget-sow-editor so-widget-sow-editor-base\"\n\t\t\t\n\t\t>\n<div class=\"siteorigin-widget-tinymce textwidget\">\n\t<\/div>\n<\/div><\/div><div id=\"panel-11427-0-1-1\" class=\"so-panel widget widget_sow-editor\" data-index=\"4\" ><div\n\t\t\t\n\t\t\tclass=\"so-widget-sow-editor so-widget-sow-editor-base\"\n\t\t\t\n\t\t>\n<div class=\"siteorigin-widget-tinymce textwidget\">\n\t<h5><a href=\"https:\/\/polititzacionsdelmalestar.org\/es\/cangrejo-pro\/\">Cangrejo Pro<\/a><\/h5>\n<h4>Documentos media<\/h4>\n<p><a href=\"https:\/\/artssantamonica.gencat.cat\/es\/detall\/Vamos-al-Chino\" target=\"_blank\" rel=\"noopener\">Artes Santa M\u00f3nica, Vamos al Chino<\/a><\/p>\n<p><a href=\"https:\/\/metalmagazine.eu\/es\/post\/interview\/cangrejo-pro\" target=\"_blank\" rel=\"noopener\">Xirou, X. y Hern\u00e1ndez, M. (s. f). Cangrejo Pro - Una de las voces de la di\u00e1spora china en Espa\u00f1a. Metal magazine. Entrevista. <\/a><\/p>\n<h4>Fotos del proyecto<\/h4>\n<\/div>\n<\/div><\/div><div id=\"panel-11427-0-1-2\" class=\"so-panel widget widget_virtue_gallery_widget virtue_gallery_widget panel-last-child\" data-index=\"5\" ><div id=\"kad-wp-gallery672\" class=\"kad-wp-gallery gallery kt-gallery-column-1 init-isotope-intrinsic reinit-isotope kad-light-wp-gallery clearfix rowtight\" data-fade-in=\"1\" data-iso-selector=\".g_item\" data-iso-style=\"masonry\" data-iso-filter=\"false\"><div class=\"tcol-lg-12 tcol-md-12 tcol-sm-12 tcol-xs-12 tcol-ss-12 g_item\"><div class=\"grid_item kt_item_fade_in kad_gallery_fade_in gallery_item\"><a href=\"https:\/\/polititzacionsdelmalestar.org\/wp-content\/uploads\/2024\/11\/2.-Cangrejo-Pro.-Vamos-al-chino.-Arts-Santa-M\u0095nica-Barcelona-2022.jpg\" data-rel=\"lightbox\" class=\"lightboxhover\"><div class=\"kt-intrinsic\" style=\"padding-bottom:100%;\"><div itemprop=\"image\" itemscope itemtype=\"https:\/\/schema.org\/ImageObject\"><img loading=\"lazy\" decoding=\"async\" width=\"560\" height=\"560\" src=\"https:\/\/polititzacionsdelmalestar.org\/wp-content\/uploads\/2024\/11\/2.-Cangrejo-Pro.-Vamos-al-chino.-Arts-Santa-M\u0095nica-Barcelona-2022-560x560.jpg\" srcset=\"https:\/\/polititzacionsdelmalestar.org\/wp-content\/uploads\/2024\/11\/2.-Cangrejo-Pro.-Vamos-al-chino.-Arts-Santa-M\u0095nica-Barcelona-2022-560x560.jpg 560w, https:\/\/polititzacionsdelmalestar.org\/wp-content\/uploads\/2024\/11\/2.-Cangrejo-Pro.-Vamos-al-chino.-Arts-Santa-M\u0095nica-Barcelona-2022-150x150.jpg 150w, https:\/\/polititzacionsdelmalestar.org\/wp-content\/uploads\/2024\/11\/2.-Cangrejo-Pro.-Vamos-al-chino.-Arts-Santa-M\u0095nica-Barcelona-2022-1120x1120.jpg 1120w\" sizes=\"auto, (max-width: 560px) 100vw, 560px\" data-caption=\"Vamos al chino (2022). Performance col.lectiva. Centre Arts Santa M\u00f2nica, Barcelona. Cortesia de Cangrejo Pro.\" class=\"light-dropshaddow\" itemprop=\"contentUrl\" alt=\"\"><meta itemprop=\"url\" content=\"https:\/\/polititzacionsdelmalestar.org\/wp-content\/uploads\/2024\/11\/2.-Cangrejo-Pro.-Vamos-al-chino.-Arts-Santa-M\u0095nica-Barcelona-2022-560x560.jpg\"><meta itemprop=\"width\" content=\"560px\"><meta itemprop=\"height\" content=\"560px\"><\/div><\/div><div class=\"caption kad_caption\"><div class=\"kad_caption_inner\">Vamos al chino (2022). Performance col.lectiva. Centre Arts Santa M\u00f2nica, Barcelona. Cortesia de Cangrejo Pro.<\/div><\/div><\/a><\/div><\/div><div class=\"tcol-lg-12 tcol-md-12 tcol-sm-12 tcol-xs-12 tcol-ss-12 g_item\"><div class=\"grid_item kt_item_fade_in kad_gallery_fade_in gallery_item\"><a href=\"https:\/\/polititzacionsdelmalestar.org\/wp-content\/uploads\/2024\/11\/1.-Cangrejo-Pro.-Vamos-al-Chino.-Matadero-MAdrid.-2022.Estudio-Perplejo-Matadero-Madrid-2022.-Copyright-de-Cangrejo-Pro.-Cortesa-de-Cangrejo-Pro-scaled.jpg\" data-rel=\"lightbox\" class=\"lightboxhover\"><div class=\"kt-intrinsic\" style=\"padding-bottom:100%;\"><div itemprop=\"image\" itemscope itemtype=\"https:\/\/schema.org\/ImageObject\"><img loading=\"lazy\" decoding=\"async\" width=\"560\" height=\"560\" src=\"https:\/\/polititzacionsdelmalestar.org\/wp-content\/uploads\/2024\/11\/1.-Cangrejo-Pro.-Vamos-al-Chino.-Matadero-MAdrid.-2022.Estudio-Perplejo-Matadero-Madrid-2022.-Copyright-de-Cangrejo-Pro.-Cortesa-de-Cangrejo-Pro-scaled-560x560.jpg\" srcset=\"https:\/\/polititzacionsdelmalestar.org\/wp-content\/uploads\/2024\/11\/1.-Cangrejo-Pro.-Vamos-al-Chino.-Matadero-MAdrid.-2022.Estudio-Perplejo-Matadero-Madrid-2022.-Copyright-de-Cangrejo-Pro.-Cortesa-de-Cangrejo-Pro-scaled-560x560.jpg 560w, https:\/\/polititzacionsdelmalestar.org\/wp-content\/uploads\/2024\/11\/1.-Cangrejo-Pro.-Vamos-al-Chino.-Matadero-MAdrid.-2022.Estudio-Perplejo-Matadero-Madrid-2022.-Copyright-de-Cangrejo-Pro.-Cortesa-de-Cangrejo-Pro-150x150.jpg 150w, https:\/\/polititzacionsdelmalestar.org\/wp-content\/uploads\/2024\/11\/1.-Cangrejo-Pro.-Vamos-al-Chino.-Matadero-MAdrid.-2022.Estudio-Perplejo-Matadero-Madrid-2022.-Copyright-de-Cangrejo-Pro.-Cortesa-de-Cangrejo-Pro-scaled-1120x1120.jpg 1120w\" sizes=\"auto, (max-width: 560px) 100vw, 560px\" data-caption=\"Vamos al chino (2022). Performance col\u00b7lectiva. Centro de Creaci\u00f3n Art\u00edstica Matadero en Madrid, dins del II Encuentro de la Di\u00e1spora China en Espa\u00f1a. Cortesia de Cangrejo Pro.\" class=\"light-dropshaddow\" itemprop=\"contentUrl\" alt=\"\"><meta itemprop=\"url\" content=\"https:\/\/polititzacionsdelmalestar.org\/wp-content\/uploads\/2024\/11\/1.-Cangrejo-Pro.-Vamos-al-Chino.-Matadero-MAdrid.-2022.Estudio-Perplejo-Matadero-Madrid-2022.-Copyright-de-Cangrejo-Pro.-Cortesa-de-Cangrejo-Pro-scaled-560x560.jpg\"><meta itemprop=\"width\" content=\"560px\"><meta itemprop=\"height\" content=\"560px\"><\/div><\/div><div class=\"caption kad_caption\"><div class=\"kad_caption_inner\">Vamos al chino (2022). Performance col\u00b7lectiva. Centro de Creaci\u00f3n Art\u00edstica Matadero en Madrid, dins del II Encuentro de la Di\u00e1spora China en Espa\u00f1a. Cortesia de Cangrejo Pro.<\/div><\/div><\/a><\/div><\/div><\/div><\/div><\/div><\/div><\/div>","protected":false},"excerpt":{"rendered":"<h3><a href=\"https:\/\/polititzacionsdelmalestar.org\/es\/vamos-al-chino\/\">Vamos al chino<\/a><\/h3>\n<p>2023<br \/>\n<a href=\"https:\/\/polititzacionsdelmalestar.org\/es\/cangrejo-pro\/\"><strong>Cangrejo Pro<\/strong><\/a><\/p>\n","protected":false},"author":8,"featured_media":10519,"comment_status":"closed","ping_status":"closed","sticky":false,"template":"","format":"standard","meta":{"footnotes":""},"categories":[205],"tags":[],"class_list":["post-11427","post","type-post","status-publish","format-standard","has-post-thumbnail","hentry","category-projectesarxiu-es"],"_links":{"self":[{"href":"https:\/\/polititzacionsdelmalestar.org\/es\/wp-json\/wp\/v2\/posts\/11427","targetHints":{"allow":["GET"]}}],"collection":[{"href":"https:\/\/polititzacionsdelmalestar.org\/es\/wp-json\/wp\/v2\/posts"}],"about":[{"href":"https:\/\/polititzacionsdelmalestar.org\/es\/wp-json\/wp\/v2\/types\/post"}],"author":[{"embeddable":true,"href":"https:\/\/polititzacionsdelmalestar.org\/es\/wp-json\/wp\/v2\/users\/8"}],"replies":[{"embeddable":true,"href":"https:\/\/polititzacionsdelmalestar.org\/es\/wp-json\/wp\/v2\/comments?post=11427"}],"version-history":[{"count":11,"href":"https:\/\/polititzacionsdelmalestar.org\/es\/wp-json\/wp\/v2\/posts\/11427\/revisions"}],"predecessor-version":[{"id":11450,"href":"https:\/\/polititzacionsdelmalestar.org\/es\/wp-json\/wp\/v2\/posts\/11427\/revisions\/11450"}],"wp:featuredmedia":[{"embeddable":true,"href":"https:\/\/polititzacionsdelmalestar.org\/es\/wp-json\/wp\/v2\/media\/10519"}],"wp:attachment":[{"href":"https:\/\/polititzacionsdelmalestar.org\/es\/wp-json\/wp\/v2\/media?parent=11427"}],"wp:term":[{"taxonomy":"category","embeddable":true,"href":"https:\/\/polititzacionsdelmalestar.org\/es\/wp-json\/wp\/v2\/categories?post=11427"},{"taxonomy":"post_tag","embeddable":true,"href":"https:\/\/polititzacionsdelmalestar.org\/es\/wp-json\/wp\/v2\/tags?post=11427"}],"curies":[{"name":"wp","href":"https:\/\/api.w.org\/{rel}","templated":true}]}}