


{"id":11408,"date":"2024-11-13T14:25:23","date_gmt":"2024-11-13T14:25:23","guid":{"rendered":"https:\/\/polititzacionsdelmalestar.org\/109-sillas-mesa-y-maniqui\/"},"modified":"2025-01-09T17:05:49","modified_gmt":"2025-01-09T17:05:49","slug":"109-sillas-mesa-y-maniqui","status":"publish","type":"post","link":"https:\/\/polititzacionsdelmalestar.org\/es\/109-sillas-mesa-y-maniqui\/","title":{"rendered":"109 sillas, mesa y maniqu\u00ed"},"content":{"rendered":"<div id=\"pl-11408\"  class=\"panel-layout\" ><div id=\"pg-11408-0\"  class=\"panel-grid panel-no-style\" ><div id=\"pgc-11408-0-0\"  class=\"panel-grid-cell\" ><div id=\"panel-11408-0-0-0\" class=\"so-panel widget widget_sow-editor panel-first-child\" data-index=\"0\" ><div class=\"panel-widget-style panel-widget-style-for-11408-0-0-0\" ><div\n\t\t\t\n\t\t\tclass=\"so-widget-sow-editor so-widget-sow-editor-base\"\n\t\t\t\n\t\t>\n<div class=\"siteorigin-widget-tinymce textwidget\">\n\t<p style=\"text-align: center;\"><strong>Relatos para deconstruir la violencia machista desde la Historia del arte<\/strong><\/p>\n<\/div>\n<\/div><\/div><\/div><div id=\"panel-11408-0-0-1\" class=\"so-panel widget widget_virtue_gallery_widget virtue_gallery_widget\" data-index=\"1\" ><h3 class=\"widget-title\">109 sillas, mesa y maniqu\u00ed<\/h3><div id=\"kad-wp-gallery889\" class=\"kad-wp-gallery gallery kt-gallery-column-1 init-isotope-intrinsic reinit-isotope kad-light-wp-gallery clearfix rowtight\" data-fade-in=\"1\" data-iso-selector=\".g_item\" data-iso-style=\"masonry\" data-iso-filter=\"false\"><div class=\"tcol-lg-12 tcol-md-12 tcol-sm-12 tcol-xs-12 tcol-ss-12 g_item\"><div class=\"grid_item kt_item_fade_in kad_gallery_fade_in gallery_item\"><a href=\"https:\/\/polititzacionsdelmalestar.org\/wp-content\/uploads\/2024\/11\/109-sillas-mesa-y-maniqui_Foto-1.jpg\" data-rel=\"lightbox\" class=\"lightboxhover\"><div class=\"kt-intrinsic\" style=\"padding-bottom:100%;\"><div itemprop=\"image\" itemscope itemtype=\"https:\/\/schema.org\/ImageObject\"><img loading=\"lazy\" decoding=\"async\" width=\"560\" height=\"560\" src=\"https:\/\/polititzacionsdelmalestar.org\/wp-content\/uploads\/2024\/11\/109-sillas-mesa-y-maniqui_Foto-1-560x560.jpg\" srcset=\"https:\/\/polititzacionsdelmalestar.org\/wp-content\/uploads\/2024\/11\/109-sillas-mesa-y-maniqui_Foto-1-560x560.jpg 560w, https:\/\/polititzacionsdelmalestar.org\/wp-content\/uploads\/2024\/11\/109-sillas-mesa-y-maniqui_Foto-1-150x150.jpg 150w\" sizes=\"auto, (max-width: 560px) 100vw, 560px\" data-caption=\"Esther Ferrer, 109 sillas, mesa y maniqu\u00ed, 109 cadires plegables, taula i maniqu\u00ed, mesures variables, 2016. Imatge: web artista.\" class=\"light-dropshaddow\" itemprop=\"contentUrl\" alt=\"\"><meta itemprop=\"url\" content=\"https:\/\/polititzacionsdelmalestar.org\/wp-content\/uploads\/2024\/11\/109-sillas-mesa-y-maniqui_Foto-1-560x560.jpg\"><meta itemprop=\"width\" content=\"560px\"><meta itemprop=\"height\" content=\"560px\"><\/div><\/div><div class=\"caption kad_caption\"><div class=\"kad_caption_inner\">Esther Ferrer, 109 sillas, mesa y maniqu\u00ed, 109 cadires plegables, taula i maniqu\u00ed, mesures variables, 2016. Imatge: web artista.<\/div><\/div><\/a><\/div><\/div><\/div><\/div><div id=\"panel-11408-0-0-2\" class=\"so-panel widget widget_sow-editor panel-last-child\" data-index=\"2\" ><div\n\t\t\t\n\t\t\tclass=\"so-widget-sow-editor so-widget-sow-editor-base\"\n\t\t\t\n\t\t>\n<div class=\"siteorigin-widget-tinymce textwidget\">\n\t<p>2016<\/p>\n<p style=\"font-weight: 400;\">Instalaci\u00f3n de 109 sillas vac\u00edas, tantas como mujeres asesinadas por sus parejas masculinas durante el a\u00f1o 2015, seg\u00fan indica el cartel\/pancarta que sostiene una maniqu\u00ed vestida con ropa de calle, sentada en una silla sobre una mesa. Las sillas se disponen online, marcando un recorrido espacio-temporal que se inicia alrededor de la mesa y sigue en forma de espiral, hasta subirse por un muro. Las sillas, las palabras y la maniqu\u00ed funcionan por literalidad (t\u00edtulo y cartel) y metonimia (sillas y maniqu\u00ed) impidiendo que las mujeres asesinadas sean reducidas a meros guarismos estad\u00edsticos oa met\u00e1foras sustitutorias que maquillan en lugar de mostrar la violencia heterosexual masculina. Para que las sillas no suplan a la mujer muerta sino que indiquen la ausencia de vida, propone que sea el espectador\/a quien ponga la presencia, experimentando el espacio y el tiempo donde se da la vida a trav\u00e9s del recorrido de las sillas. El artista desnuda el hecho, le deja en estado crudo. En pol\u00edtica, la silla vac\u00eda es una t\u00e1ctica de protesta. Aqu\u00ed no; no hay denuncia, sino revelaci\u00f3n de verdad. En <em>Silla Zaj<\/em> (1974) propone al espectador\/a que se sienta \"hasta que la muerte les separe\". Aqu\u00ed la muerte es separada.        <\/p>\n<\/div>\n<\/div><\/div><\/div><div id=\"pgc-11408-0-1\"  class=\"panel-grid-cell\" ><div id=\"panel-11408-0-1-0\" class=\"so-panel widget widget_sow-editor panel-first-child\" data-index=\"3\" ><div\n\t\t\t\n\t\t\tclass=\"so-widget-sow-editor so-widget-sow-editor-base\"\n\t\t\t\n\t\t>\n<div class=\"siteorigin-widget-tinymce textwidget\">\n\t<\/div>\n<\/div><\/div><div id=\"panel-11408-0-1-1\" class=\"so-panel widget widget_sow-editor\" data-index=\"4\" ><div\n\t\t\t\n\t\t\tclass=\"so-widget-sow-editor so-widget-sow-editor-base\"\n\t\t\t\n\t\t>\n<div class=\"siteorigin-widget-tinymce textwidget\">\n\t<h5><a href=\"https:\/\/polititzacionsdelmalestar.org\/10926\/esther-ferrer\/\">Esther Ferrer<\/a><\/h5>\n<h4>Documentos media<\/h4>\n<div><a href=\"http:\/\/ceartfuenlabrada.es\/esther-ferrer-entre-lineas-y-cosas-del-4-de-febrero-al-17-de-abril-de-2016-sala-a\/\"><span lang=\"CA\">P\u00e1gina web de la exposici\u00f3n<\/span> <i><span lang=\"CA\">Entre l\u00edneas y cosas<\/span><\/i> en el CEART de Fuenlabrada.<\/a><\/div>\n<div><a href=\"https:\/\/www.youtube.com\/watch?v=CsqzHLGuooM\"><span lang=\"CA\">V\u00eddeo de l\u2019exposici\u00f3 <\/span><i><span lang=\"CA\">Entre l\u00edneas y coses <\/span><\/i>al CEART de Fuenlabrada.<\/a><\/div>\n<div>\n<div><a href=\"http:\/\/josejimenezcuerpoytiempo.blogspot.com\/2016\/02\/esther-ferrer-en-el-ceart-de-fuenlabrada.html\"><span lang=\"CA\">Texto de Jos\u00e9 Jim\u00e9nez sobre la exposici\u00f3n <i>Entre l\u00edneas y cosas<\/i> , publicado en su blog, procedente de<\/span> <i>ABC Cultural<\/i> , n\u00fam. 1.223 (27 de febrero de 2016), p. 23. <\/a><\/div>\n<\/div>\n<div><\/div>\n<h4>Fotos del proyecto<\/h4>\n<\/div>\n<\/div><\/div><div id=\"panel-11408-0-1-2\" class=\"so-panel widget widget_virtue_gallery_widget virtue_gallery_widget panel-last-child\" data-index=\"5\" ><div id=\"kad-wp-gallery544\" class=\"kad-wp-gallery gallery kt-gallery-column-1 init-isotope-intrinsic reinit-isotope kad-light-wp-gallery clearfix rowtight\" data-fade-in=\"1\" data-iso-selector=\".g_item\" data-iso-style=\"masonry\" data-iso-filter=\"false\"><div class=\"tcol-lg-12 tcol-md-12 tcol-sm-12 tcol-xs-12 tcol-ss-12 g_item\"><div class=\"grid_item kt_item_fade_in kad_gallery_fade_in gallery_item\"><a href=\"https:\/\/polititzacionsdelmalestar.org\/wp-content\/uploads\/2024\/11\/109-sillas-mesa-y-maniqui_Foto-2.jpg\" data-rel=\"lightbox\" class=\"lightboxhover\"><div class=\"kt-intrinsic\" style=\"padding-bottom:100%;\"><div itemprop=\"image\" itemscope itemtype=\"https:\/\/schema.org\/ImageObject\"><img loading=\"lazy\" decoding=\"async\" width=\"560\" height=\"560\" src=\"https:\/\/polititzacionsdelmalestar.org\/wp-content\/uploads\/2024\/11\/109-sillas-mesa-y-maniqui_Foto-2-560x560.jpg\" srcset=\"https:\/\/polititzacionsdelmalestar.org\/wp-content\/uploads\/2024\/11\/109-sillas-mesa-y-maniqui_Foto-2-560x560.jpg 560w, https:\/\/polititzacionsdelmalestar.org\/wp-content\/uploads\/2024\/11\/109-sillas-mesa-y-maniqui_Foto-2-150x150.jpg 150w\" sizes=\"auto, (max-width: 560px) 100vw, 560px\" data-caption=\"Esther Ferrer, 109 sillas, mesa y maniqu\u00ed, 109 cadires plegables, taula i maniqu\u00ed, mesures variables, 2016. Imatge: web artista.\" class=\"light-dropshaddow\" itemprop=\"contentUrl\" alt=\"\"><meta itemprop=\"url\" content=\"https:\/\/polititzacionsdelmalestar.org\/wp-content\/uploads\/2024\/11\/109-sillas-mesa-y-maniqui_Foto-2-560x560.jpg\"><meta itemprop=\"width\" content=\"560px\"><meta itemprop=\"height\" content=\"560px\"><\/div><\/div><div class=\"caption kad_caption\"><div class=\"kad_caption_inner\">Esther Ferrer, 109 sillas, mesa y maniqu\u00ed, 109 cadires plegables, taula i maniqu\u00ed, mesures variables, 2016. Imatge: web artista.<\/div><\/div><\/a><\/div><\/div><\/div><\/div><\/div><\/div><\/div>","protected":false},"excerpt":{"rendered":"<h3><a href=\"https:\/\/polititzacionsdelmalestar.org\/es\/109-sillas-mesa-y-maniqui\/\">109 sillas, mesa y maniqu\u00ed<\/a><\/h3>\n<p>2023<br \/>\n<a href=\"https:\/\/polititzacionsdelmalestar.org\/es\/ferrer-esther\/\"><strong>Esther Ferrer<\/strong><\/a><\/p>\n","protected":false},"author":6,"featured_media":10931,"comment_status":"closed","ping_status":"closed","sticky":false,"template":"","format":"standard","meta":{"footnotes":""},"categories":[205],"tags":[],"class_list":["post-11408","post","type-post","status-publish","format-standard","has-post-thumbnail","hentry","category-projectesarxiu-es"],"_links":{"self":[{"href":"https:\/\/polititzacionsdelmalestar.org\/es\/wp-json\/wp\/v2\/posts\/11408","targetHints":{"allow":["GET"]}}],"collection":[{"href":"https:\/\/polititzacionsdelmalestar.org\/es\/wp-json\/wp\/v2\/posts"}],"about":[{"href":"https:\/\/polititzacionsdelmalestar.org\/es\/wp-json\/wp\/v2\/types\/post"}],"author":[{"embeddable":true,"href":"https:\/\/polititzacionsdelmalestar.org\/es\/wp-json\/wp\/v2\/users\/6"}],"replies":[{"embeddable":true,"href":"https:\/\/polititzacionsdelmalestar.org\/es\/wp-json\/wp\/v2\/comments?post=11408"}],"version-history":[{"count":3,"href":"https:\/\/polititzacionsdelmalestar.org\/es\/wp-json\/wp\/v2\/posts\/11408\/revisions"}],"predecessor-version":[{"id":11747,"href":"https:\/\/polititzacionsdelmalestar.org\/es\/wp-json\/wp\/v2\/posts\/11408\/revisions\/11747"}],"wp:featuredmedia":[{"embeddable":true,"href":"https:\/\/polititzacionsdelmalestar.org\/es\/wp-json\/wp\/v2\/media\/10931"}],"wp:attachment":[{"href":"https:\/\/polititzacionsdelmalestar.org\/es\/wp-json\/wp\/v2\/media?parent=11408"}],"wp:term":[{"taxonomy":"category","embeddable":true,"href":"https:\/\/polititzacionsdelmalestar.org\/es\/wp-json\/wp\/v2\/categories?post=11408"},{"taxonomy":"post_tag","embeddable":true,"href":"https:\/\/polititzacionsdelmalestar.org\/es\/wp-json\/wp\/v2\/tags?post=11408"}],"curies":[{"name":"wp","href":"https:\/\/api.w.org\/{rel}","templated":true}]}}