


{"id":11171,"date":"2024-11-20T09:52:15","date_gmt":"2024-11-20T09:52:15","guid":{"rendered":"https:\/\/polititzacionsdelmalestar.org\/?p=11171"},"modified":"2024-12-10T10:35:09","modified_gmt":"2024-12-10T10:35:09","slug":"sabates-vermelles","status":"publish","type":"post","link":"https:\/\/polititzacionsdelmalestar.org\/es\/sabates-vermelles\/","title":{"rendered":"Zapatos rojos"},"content":{"rendered":"<div id=\"pl-11171\"  class=\"panel-layout\" ><div id=\"pg-11171-0\"  class=\"panel-grid panel-no-style\" ><div id=\"pgc-11171-0-0\"  class=\"panel-grid-cell\" ><div id=\"panel-11171-0-0-0\" class=\"so-panel widget widget_sow-editor panel-first-child\" data-index=\"0\" ><div class=\"panel-widget-style panel-widget-style-for-11171-0-0-0\" ><div\n\t\t\t\n\t\t\tclass=\"so-widget-sow-editor so-widget-sow-editor-base\"\n\t\t\t\n\t\t>\n<div class=\"siteorigin-widget-tinymce textwidget\">\n\t<p style=\"text-align: center;\"><strong>Relatos para deconstruir la violencia masclista desde la Historia del arte<\/strong><\/p>\n<\/div>\n<\/div><\/div><\/div><div id=\"panel-11171-0-0-1\" class=\"so-panel widget widget_virtue_gallery_widget virtue_gallery_widget\" data-index=\"1\" ><h3 class=\"widget-title\">Zapatos rojos<\/h3><div id=\"kad-wp-gallery516\" class=\"kad-wp-gallery gallery kt-gallery-column-1 init-isotope-intrinsic reinit-isotope kad-light-wp-gallery clearfix rowtight\" data-fade-in=\"1\" data-iso-selector=\".g_item\" data-iso-style=\"masonry\" data-iso-filter=\"false\"><div class=\"tcol-lg-12 tcol-md-12 tcol-sm-12 tcol-xs-12 tcol-ss-12 g_item\"><div class=\"grid_item kt_item_fade_in kad_gallery_fade_in gallery_item\"><a href=\"https:\/\/polititzacionsdelmalestar.org\/wp-content\/uploads\/2024\/11\/Foto-1-destacada-2.webp\" data-rel=\"lightbox\" class=\"lightboxhover\"><div class=\"kt-intrinsic\" style=\"padding-bottom:100%;\"><div itemprop=\"image\" itemscope itemtype=\"https:\/\/schema.org\/ImageObject\"><img loading=\"lazy\" decoding=\"async\" width=\"560\" height=\"560\" src=\"https:\/\/polititzacionsdelmalestar.org\/wp-content\/uploads\/2024\/11\/Foto-1-destacada-2-560x560.webp\" srcset=\"https:\/\/polititzacionsdelmalestar.org\/wp-content\/uploads\/2024\/11\/Foto-1-destacada-2-560x560.webp 560w, https:\/\/polititzacionsdelmalestar.org\/wp-content\/uploads\/2024\/11\/Foto-1-destacada-2-150x150.webp 150w, https:\/\/polititzacionsdelmalestar.org\/wp-content\/uploads\/2024\/11\/Foto-1-destacada-2-732x732.webp 732w, https:\/\/polititzacionsdelmalestar.org\/wp-content\/uploads\/2024\/11\/Foto-1-destacada-2-366x366.webp 366w\" sizes=\"auto, (max-width: 560px) 100vw, 560px\" data-caption=\"Ciudad Ju\u00e1rez, M\u00e8xic, setembre 2009.\" class=\"light-dropshaddow\" itemprop=\"contentUrl\" alt=\"\"><meta itemprop=\"url\" content=\"https:\/\/polititzacionsdelmalestar.org\/wp-content\/uploads\/2024\/11\/Foto-1-destacada-2-560x560.webp\"><meta itemprop=\"width\" content=\"560px\"><meta itemprop=\"height\" content=\"560px\"><\/div><\/div><div class=\"caption kad_caption\"><div class=\"kad_caption_inner\">Ciudad Ju\u00e1rez, M\u00e8xic, setembre 2009.<\/div><\/div><\/a><\/div><\/div><\/div><\/div><div id=\"panel-11171-0-0-2\" class=\"so-panel widget widget_sow-editor panel-last-child\" data-index=\"2\" ><div\n\t\t\t\n\t\t\tclass=\"so-widget-sow-editor so-widget-sow-editor-base\"\n\t\t\t\n\t\t>\n<div class=\"siteorigin-widget-tinymce textwidget\">\n\t<p>2009 - En\u00a0<span lang=\"CA\">proceso<\/span><\/p>\n<p style=\"font-weight: 400;\">Zapatos rojos es una de las obres p\u00fablicas m\u00e1s conocidas de Elina Chauvet. Nace, en general, como denuncia a los femicidios ocurridos en Ciudad Ju\u00e1rez a partir de la d\u00e9cada de 1990 y, en particular, como respuesta al asesinato de la hermana de la artista a manos de su marido. La primera instalaci\u00f3n se realiz\u00f3 en Ciudad Ju\u00e1rez con la donaci\u00f3n de treinta y tres pares de zapatos. Cada par se ti\u00f1e de rojo y representa a una mujer v\u00edctima de femicidio o desaparecida.<\/p>\n<p style=\"font-weight: 400;\">Desde 2009 la instalaci\u00f3n se realiza en distintas ciudades del mundo con la donaci\u00f3n de zapatos de las mujeres v\u00edctimas. La artista expresa que su obra \u201cdenuncia y visibiliza la violencia que viven las mujeres en el mundo; viaja de manera conceptual, generando todo su proceso en cada r\u00e9plica, para crear redes de solidaridad que eduquen y contin\u00faen trabajando en el tema\u201d.<\/p>\n<\/div>\n<\/div><\/div><\/div><div id=\"pgc-11171-0-1\"  class=\"panel-grid-cell\" ><div id=\"panel-11171-0-1-0\" class=\"so-panel widget widget_sow-editor panel-first-child\" data-index=\"3\" ><div\n\t\t\t\n\t\t\tclass=\"so-widget-sow-editor so-widget-sow-editor-base\"\n\t\t\t\n\t\t>\n<div class=\"siteorigin-widget-tinymce textwidget\">\n\t<\/div>\n<\/div><\/div><div id=\"panel-11171-0-1-1\" class=\"so-panel widget widget_sow-editor\" data-index=\"4\" ><div\n\t\t\t\n\t\t\tclass=\"so-widget-sow-editor so-widget-sow-editor-base\"\n\t\t\t\n\t\t>\n<div class=\"siteorigin-widget-tinymce textwidget\">\n\t<h5><a href=\"https:\/\/polititzacionsdelmalestar.org\/es\/chauvet-elina\/\">Elina Chauvet<\/a><\/h5>\n<h4>Fotos del proyecto<\/h4>\n<\/div>\n<\/div><\/div><div id=\"panel-11171-0-1-2\" class=\"so-panel widget widget_virtue_gallery_widget virtue_gallery_widget panel-last-child\" data-index=\"5\" ><div id=\"kad-wp-gallery748\" class=\"kad-wp-gallery gallery kt-gallery-column-1 init-isotope-intrinsic reinit-isotope kad-light-wp-gallery clearfix rowtight\" data-fade-in=\"1\" data-iso-selector=\".g_item\" data-iso-style=\"masonry\" data-iso-filter=\"false\"><div class=\"tcol-lg-12 tcol-md-12 tcol-sm-12 tcol-xs-12 tcol-ss-12 g_item\"><div class=\"grid_item kt_item_fade_in kad_gallery_fade_in gallery_item\"><a href=\"https:\/\/polititzacionsdelmalestar.org\/wp-content\/uploads\/2024\/11\/Foto-2-1.webp\" data-rel=\"lightbox\" class=\"lightboxhover\"><div class=\"kt-intrinsic\" style=\"padding-bottom:150.81374321881%;\"><div itemprop=\"image\" itemscope itemtype=\"https:\/\/schema.org\/ImageObject\"><img loading=\"lazy\" decoding=\"async\" width=\"553\" height=\"834\" src=\"https:\/\/polititzacionsdelmalestar.org\/wp-content\/uploads\/2024\/11\/Foto-2-1.webp\" srcset=\"https:\/\/polititzacionsdelmalestar.org\/wp-content\/uploads\/2024\/11\/Foto-2-1.webp 553w, https:\/\/polititzacionsdelmalestar.org\/wp-content\/uploads\/2024\/11\/Foto-2-1-199x300.webp 199w\" sizes=\"auto, (max-width: 553px) 100vw, 553px\" data-caption=\"B\u00e8rgam, It\u00e0lia, abril 2013.\" class=\"light-dropshaddow\" itemprop=\"contentUrl\" alt=\"\"><meta itemprop=\"url\" content=\"https:\/\/polititzacionsdelmalestar.org\/wp-content\/uploads\/2024\/11\/Foto-2-1.webp\"><meta itemprop=\"width\" content=\"553px\"><meta itemprop=\"height\" content=\"834px\"><\/div><\/div><div class=\"caption kad_caption\"><div class=\"kad_caption_inner\">B\u00e8rgam, It\u00e0lia, abril 2013.<\/div><\/div><\/a><\/div><\/div><div class=\"tcol-lg-12 tcol-md-12 tcol-sm-12 tcol-xs-12 tcol-ss-12 g_item\"><div class=\"grid_item kt_item_fade_in kad_gallery_fade_in gallery_item\"><a href=\"https:\/\/polititzacionsdelmalestar.org\/wp-content\/uploads\/2024\/11\/Foto-3-1.webp\" data-rel=\"lightbox\" class=\"lightboxhover\"><div class=\"kt-intrinsic\" style=\"padding-bottom:100%;\"><div itemprop=\"image\" itemscope itemtype=\"https:\/\/schema.org\/ImageObject\"><img loading=\"lazy\" decoding=\"async\" width=\"560\" height=\"560\" src=\"https:\/\/polititzacionsdelmalestar.org\/wp-content\/uploads\/2024\/11\/Foto-3-1-560x560.webp\" srcset=\"https:\/\/polititzacionsdelmalestar.org\/wp-content\/uploads\/2024\/11\/Foto-3-1-560x560.webp 560w, https:\/\/polititzacionsdelmalestar.org\/wp-content\/uploads\/2024\/11\/Foto-3-1-150x150.webp 150w, https:\/\/polititzacionsdelmalestar.org\/wp-content\/uploads\/2024\/11\/Foto-3-1-732x732.webp 732w, https:\/\/polititzacionsdelmalestar.org\/wp-content\/uploads\/2024\/11\/Foto-3-1-366x366.webp 366w\" sizes=\"auto, (max-width: 560px) 100vw, 560px\" data-caption=\"Malgrat de Mar, Espanya, 2016.\" class=\"light-dropshaddow\" itemprop=\"contentUrl\" alt=\"\"><meta itemprop=\"url\" content=\"https:\/\/polititzacionsdelmalestar.org\/wp-content\/uploads\/2024\/11\/Foto-3-1-560x560.webp\"><meta itemprop=\"width\" content=\"560px\"><meta itemprop=\"height\" content=\"560px\"><\/div><\/div><div class=\"caption kad_caption\"><div class=\"kad_caption_inner\">Malgrat de Mar, Espanya, 2016.<\/div><\/div><\/a><\/div><\/div><\/div><\/div><\/div><\/div><\/div>","protected":false},"excerpt":{"rendered":"<h3><a href=\"https:\/\/polititzacionsdelmalestar.org\/es\/sabates-vermelles\/\">Zapatos rojos<\/a><\/h3>\n<p>2023<br \/>\n<a href=\"https:\/\/polititzacionsdelmalestar.org\/es\/elina-chauvet\/\"><strong>Elina Chauvet <\/strong><\/a><\/p>\n","protected":false},"author":6,"featured_media":11215,"comment_status":"closed","ping_status":"closed","sticky":false,"template":"","format":"standard","meta":{"footnotes":""},"categories":[205],"tags":[],"class_list":["post-11171","post","type-post","status-publish","format-standard","has-post-thumbnail","hentry","category-projectesarxiu-es"],"_links":{"self":[{"href":"https:\/\/polititzacionsdelmalestar.org\/es\/wp-json\/wp\/v2\/posts\/11171","targetHints":{"allow":["GET"]}}],"collection":[{"href":"https:\/\/polititzacionsdelmalestar.org\/es\/wp-json\/wp\/v2\/posts"}],"about":[{"href":"https:\/\/polititzacionsdelmalestar.org\/es\/wp-json\/wp\/v2\/types\/post"}],"author":[{"embeddable":true,"href":"https:\/\/polititzacionsdelmalestar.org\/es\/wp-json\/wp\/v2\/users\/6"}],"replies":[{"embeddable":true,"href":"https:\/\/polititzacionsdelmalestar.org\/es\/wp-json\/wp\/v2\/comments?post=11171"}],"version-history":[{"count":11,"href":"https:\/\/polititzacionsdelmalestar.org\/es\/wp-json\/wp\/v2\/posts\/11171\/revisions"}],"predecessor-version":[{"id":11528,"href":"https:\/\/polititzacionsdelmalestar.org\/es\/wp-json\/wp\/v2\/posts\/11171\/revisions\/11528"}],"wp:featuredmedia":[{"embeddable":true,"href":"https:\/\/polititzacionsdelmalestar.org\/es\/wp-json\/wp\/v2\/media\/11215"}],"wp:attachment":[{"href":"https:\/\/polititzacionsdelmalestar.org\/es\/wp-json\/wp\/v2\/media?parent=11171"}],"wp:term":[{"taxonomy":"category","embeddable":true,"href":"https:\/\/polititzacionsdelmalestar.org\/es\/wp-json\/wp\/v2\/categories?post=11171"},{"taxonomy":"post_tag","embeddable":true,"href":"https:\/\/polititzacionsdelmalestar.org\/es\/wp-json\/wp\/v2\/tags?post=11171"}],"curies":[{"name":"wp","href":"https:\/\/api.w.org\/{rel}","templated":true}]}}