


{"id":10123,"date":"2020-03-03T12:54:19","date_gmt":"2020-03-03T12:54:19","guid":{"rendered":"https:\/\/polititzacionsdelmalestar.org\/?p=10123"},"modified":"2020-03-20T13:33:41","modified_gmt":"2020-03-20T13:33:41","slug":"una-florista-desobediente","status":"publish","type":"post","link":"https:\/\/polititzacionsdelmalestar.org\/es\/una-florista-desobediente\/","title":{"rendered":"Una florista desobediente"},"content":{"rendered":"<div id=\"pl-10123\"  class=\"panel-layout\" ><div id=\"pg-10123-0\"  class=\"panel-grid panel-no-style\" ><div id=\"pgc-10123-0-0\"  class=\"panel-grid-cell\" ><div id=\"panel-10123-0-0-0\" class=\"so-panel widget widget_virtue_gallery_widget virtue_gallery_widget panel-first-child\" data-index=\"0\" ><h3 class=\"widget-title\">Una florista desobediente<\/h3><div id=\"kad-wp-gallery89\" class=\"kad-wp-gallery gallery kt-gallery-column-1 init-isotope-intrinsic reinit-isotope kad-light-wp-gallery clearfix rowtight\" data-fade-in=\"1\" data-iso-selector=\".g_item\" data-iso-style=\"masonry\" data-iso-filter=\"false\"><div class=\"tcol-lg-12 tcol-md-12 tcol-sm-12 tcol-xs-12 tcol-ss-12 g_item\"><div class=\"grid_item kt_item_fade_in kad_gallery_fade_in gallery_item\"><a href=\"https:\/\/polititzacionsdelmalestar.org\/wp-content\/uploads\/2020\/03\/captura2-1000.jpg\" data-rel=\"lightbox\" class=\"lightboxhover\"><div class=\"kt-intrinsic\" style=\"padding-bottom:55.9%;\"><div itemprop=\"image\" itemscope itemtype=\"https:\/\/schema.org\/ImageObject\"><img loading=\"lazy\" decoding=\"async\" width=\"1000\" height=\"559\" src=\"https:\/\/polititzacionsdelmalestar.org\/wp-content\/uploads\/2020\/03\/captura2-1000.jpg\" srcset=\"https:\/\/polititzacionsdelmalestar.org\/wp-content\/uploads\/2020\/03\/captura2-1000.jpg 1000w, https:\/\/polititzacionsdelmalestar.org\/wp-content\/uploads\/2020\/03\/captura2-1000-300x168.jpg 300w, https:\/\/polititzacionsdelmalestar.org\/wp-content\/uploads\/2020\/03\/captura2-1000-768x429.jpg 768w, https:\/\/polititzacionsdelmalestar.org\/wp-content\/uploads\/2020\/03\/captura2-1000-728x406.jpg 728w, https:\/\/polititzacionsdelmalestar.org\/wp-content\/uploads\/2020\/03\/captura2-1000-364x203.jpg 364w, https:\/\/polititzacionsdelmalestar.org\/wp-content\/uploads\/2020\/03\/captura2-1000-520x290.jpg 520w, https:\/\/polititzacionsdelmalestar.org\/wp-content\/uploads\/2020\/03\/captura2-1000-260x145.jpg 260w\" sizes=\"auto, (max-width: 1000px) 100vw, 1000px\" data-caption=\"\" class=\"light-dropshaddow\" itemprop=\"contentUrl\" alt=\"\"><meta itemprop=\"url\" content=\"https:\/\/polititzacionsdelmalestar.org\/wp-content\/uploads\/2020\/03\/captura2-1000.jpg\"><meta itemprop=\"width\" content=\"1000px\"><meta itemprop=\"height\" content=\"559px\"><\/div><\/div><\/a><\/div><\/div><\/div><\/div><div id=\"panel-10123-0-0-1\" class=\"so-panel widget widget_sow-editor panel-last-child\" data-index=\"1\" ><div\n\t\t\t\n\t\t\tclass=\"so-widget-sow-editor so-widget-sow-editor-base\"\n\t\t\t\n\t\t>\n<div class=\"siteorigin-widget-tinymce textwidget\">\n\t<p><span lang=\"EN-US\">2018-19<\/span><\/p>\n<p class=\"Cuerpo\"><span lang=\"ES-TRAD\">Una florista desobediente trata de gestionar el malestar de nuestra sociedad frente a las crisis medioambientales y el colapso civilizatorio.<\/span><\/p>\n<p><span lang=\"EN-US\">Inspirado en mujeres que fueron condenadas por brujas a finales del periodo moderno, consideradas como malas hierbas. Este proyecto trabaja con ellas, por analog\u00eda en nuestro periodo, a la vez que con las plantas ruderales, como posibilidades o alternativa al cambio social, desde posiciones intencionadamente pol\u00edticas. Si bien estas ecolog\u00edas ruderales surgen en la decadencia de nuestro mundo, en las formas que genera la ruina, y son consecuencia de los procesos de antropizaci\u00f3n, no acaban en ella. Se trata de la creencia en estos lugares<\/span><span lang=\"PT\">de exclusi<\/span><span lang=\"EN-US\">\u00f3n, fuera de los esquemas nacionales, del estado, de los poderes institucionales o de las obsoletas forma<\/span><span lang=\"PT\">s capitalistas.<\/span><\/p>\n<p class=\"Cuerpo\"><span lang=\"ES-TRAD\">Desde posiciones intencionadamente de desobediencia se propone el cultivo de malas hierbas, como hac\u00edan las brujas, con plantas ruderales, brebajes, ung\u00fcentos, emplastos, maceraciones... O haciendo pociones antisistema. No nos queda m\u00e1s que hacer desobediencia ante la irracionalidad y absurdo de nuestro mundo, quiz\u00e1s porque este sea el \u00faltimo reducto que nos quede a\u00fan de libertad. Desobedecer, o ir a la contra, como una declaraci\u00f3n de humanidad, como bien propone Fr<\/span><span lang=\"FR\">\u00e9<\/span><span lang=\"ES-TRAD\">d<\/span><span lang=\"FR\">\u00e9<\/span><span lang=\"EN-US\">ric G<\/span><span lang=\"ES-TRAD\">ros. Se trata de situarnos en estos espacios ruderales, marginales, para sembrar all\u00ed la improductividad, el <\/span><span lang=\"IT\">anticapitalismo<\/span><span lang=\"ES-TRAD\">, tambi\u00e9n el antipatriarcado, la curaci\u00f3n mediante pol\u00edticas ruderales de los males generados por el mundo capitalista.<\/span><\/p>\n<h4>Recorrido del proyecto. \u00bfD\u00f3nde se encuentra la obra?<\/h4>\n<p class=\"Cuerpo\"><span lang=\"ES-TRAD\">2018 El proyecto se realiz\u00f3 durante una residencia en Farrera. Beca Arte y Naturaleza a la Creaci\u00f3n. Centro de arte la Panera de Lleida, CAN de Farrera y CDAN de Huesca.<br \/>\n<\/span><span lang=\"ES-TRAD\">2019 Exposici\u00f3n del proyecto en el Centro de Arte la Panera. Lleida.<br \/>\n<\/span><span lang=\"ES-TRAD\">2019 Participaci\u00f3n en la exposici\u00f3n colectiva Memoria y reivindicaci\u00f3n en Can Mar<\/span><span lang=\"PT\">\u00e7<\/span><span lang=\"ES-TRAD\">al de Lloren\u00e7 <\/span><span lang=\"PT\">de Pened<\/span><span lang=\"FR\">\u00e8<\/span><span lang=\"PT\">s, comisariada por Ramon Sicart.<br \/>\n<\/span><span lang=\"ES-TRAD\">2019 Realizaci\u00f3n de una parada-taller a partir del proyecto en el<\/span><span lang=\"FR\">Grand Tour de Nau C<\/span><span lang=\"ES-TRAD\">\u00f4clea. Etapa Torrebesses. Con la colaboraci\u00f3n de la Panera de Lleida.<br \/>\n<\/span><span lang=\"ES-TRAD\">2019 Realizaci\u00f3n de una parada-taller en Lloren\u00e7 <\/span><span lang=\"IT\">del Pened<\/span><span lang=\"FR\">\u00e8<\/span><span lang=\"ES-TRAD\">s, a propuesta de Ramon Sicart.<br \/>\n<\/span><span lang=\"EN-US\">2019 Conferencia-taller Viola x Wittrockiana y otros pensamientos en la Facultad de Ciencias de la Educaci\u00f3n, de la Universitat Aut<\/span><span lang=\"IT\">\u00f2<\/span><span lang=\"PT\">noma de Barcelona.<\/span><\/p>\n<\/div>\n<\/div><\/div><\/div><div id=\"pgc-10123-0-1\"  class=\"panel-grid-cell\" ><div id=\"panel-10123-0-1-0\" class=\"so-panel widget widget_sow-editor panel-first-child\" data-index=\"2\" ><div\n\t\t\t\n\t\t\tclass=\"so-widget-sow-editor so-widget-sow-editor-base\"\n\t\t\t\n\t\t>\n<div class=\"siteorigin-widget-tinymce textwidget\">\n\t<h5 class=\"Cuerpo\"><a href=\"https:\/\/polititzacionsdelmalestar.org\/2020\/03\/03\/olivera-tabeni-olga\/?lang=es\"><span class=\"Ninguno\"><span lang=\"ES-TRAD\">Olga Olivera-Tabeni<\/span><\/span><\/a><i><\/i><\/h5>\n<h4><\/h4>\n<h4>Palabras clave<\/h4>\n<p><a href=\"https:\/\/polititzacionsdelmalestar.org\/temes\/activismo\/?lang=es\">Activismo<\/a>, <a href=\"https:\/\/polititzacionsdelmalestar.org\/temes\/cos\/?lang=es\">Cuerpo<\/a>, <a href=\"https:\/\/polititzacionsdelmalestar.org\/temes\/cura\/?lang=es\">Cuidado<\/a>, <a href=\"https:\/\/polititzacionsdelmalestar.org\/temes\/genere\/?lang=es\">G\u00e9nero<\/a>, <a href=\"https:\/\/polititzacionsdelmalestar.org\/temes\/identitat\/?lang=es\">Identidad<\/a>, <span class=\"Ninguno\"><span lang=\"ES-TRAD\"><a href=\"https:\/\/polititzacionsdelmalestar.org\/temes\/malestar\/?lang=es\">Malestar<\/a>, <\/span><\/span><a href=\"https:\/\/polititzacionsdelmalestar.org\/temes\/memoria\/?lang=es\">Memoria<\/a>, <span class=\"Ninguno\"><span lang=\"ES-TRAD\"><a href=\"https:\/\/polititzacionsdelmalestar.org\/temes\/natura\/?lang=es\">Naturaleza<\/a>, <a href=\"https:\/\/polititzacionsdelmalestar.org\/temes\/politica\/?lang=es\">Pol\u00edtica<\/a> y <\/span><\/span><a href=\"https:\/\/polititzacionsdelmalestar.org\/temes\/privacitat\/?lang=es\">Privacidad<\/a>.<\/p>\n<h4><\/h4>\n<h4>Web de l\u2019autora<\/h4>\n<p><a href=\"https:\/\/www.olgaoliveratabeni.net\/\">https:\/\/www.olgaoliveratabeni.net\/<\/a><\/p>\n<p>&nbsp;<\/p>\n<div class=\"titol-galeria\">Fotos del proyecto<\/div>\n<\/div>\n<\/div><\/div><div id=\"panel-10123-0-1-1\" class=\"so-panel widget widget_virtue_gallery_widget virtue_gallery_widget panel-last-child\" data-index=\"3\" ><div id=\"kad-wp-gallery925\" class=\"kad-wp-gallery gallery kt-gallery-column-1 init-isotope-intrinsic reinit-isotope kad-light-wp-gallery clearfix rowtight\" data-fade-in=\"1\" data-iso-selector=\".g_item\" data-iso-style=\"masonry\" data-iso-filter=\"false\"><div class=\"tcol-lg-12 tcol-md-12 tcol-sm-12 tcol-xs-12 tcol-ss-12 g_item\"><div class=\"grid_item kt_item_fade_in kad_gallery_fade_in gallery_item\"><a href=\"https:\/\/polititzacionsdelmalestar.org\/wp-content\/uploads\/2020\/03\/IMG_7694-1000.jpg\" data-rel=\"lightbox\" class=\"lightboxhover\"><div class=\"kt-intrinsic\" style=\"padding-bottom:100%;\"><div itemprop=\"image\" itemscope itemtype=\"https:\/\/schema.org\/ImageObject\"><img loading=\"lazy\" decoding=\"async\" width=\"560\" height=\"560\" src=\"https:\/\/polititzacionsdelmalestar.org\/wp-content\/uploads\/2020\/03\/IMG_7694-1000-560x560.jpg\" srcset=\"https:\/\/polititzacionsdelmalestar.org\/wp-content\/uploads\/2020\/03\/IMG_7694-1000-560x560.jpg 560w, https:\/\/polititzacionsdelmalestar.org\/wp-content\/uploads\/2020\/03\/IMG_7694-1000-150x150.jpg 150w\" sizes=\"auto, (max-width: 560px) 100vw, 560px\" data-caption=\"\" class=\"light-dropshaddow\" itemprop=\"contentUrl\" alt=\"\"><meta itemprop=\"url\" content=\"https:\/\/polititzacionsdelmalestar.org\/wp-content\/uploads\/2020\/03\/IMG_7694-1000-560x560.jpg\"><meta itemprop=\"width\" content=\"560px\"><meta itemprop=\"height\" content=\"560px\"><\/div><\/div><\/a><\/div><\/div><div class=\"tcol-lg-12 tcol-md-12 tcol-sm-12 tcol-xs-12 tcol-ss-12 g_item\"><div class=\"grid_item kt_item_fade_in kad_gallery_fade_in gallery_item\"><a href=\"https:\/\/polititzacionsdelmalestar.org\/wp-content\/uploads\/2020\/03\/IMG_7692-1000.jpg\" data-rel=\"lightbox\" class=\"lightboxhover\"><div class=\"kt-intrinsic\" style=\"padding-bottom:100%;\"><div itemprop=\"image\" itemscope itemtype=\"https:\/\/schema.org\/ImageObject\"><img loading=\"lazy\" decoding=\"async\" width=\"560\" height=\"560\" src=\"https:\/\/polititzacionsdelmalestar.org\/wp-content\/uploads\/2020\/03\/IMG_7692-1000-560x560.jpg\" srcset=\"https:\/\/polititzacionsdelmalestar.org\/wp-content\/uploads\/2020\/03\/IMG_7692-1000-560x560.jpg 560w, https:\/\/polititzacionsdelmalestar.org\/wp-content\/uploads\/2020\/03\/IMG_7692-1000-150x150.jpg 150w\" sizes=\"auto, (max-width: 560px) 100vw, 560px\" data-caption=\"\" class=\"light-dropshaddow\" itemprop=\"contentUrl\" alt=\"\"><meta itemprop=\"url\" content=\"https:\/\/polititzacionsdelmalestar.org\/wp-content\/uploads\/2020\/03\/IMG_7692-1000-560x560.jpg\"><meta itemprop=\"width\" content=\"560px\"><meta itemprop=\"height\" content=\"560px\"><\/div><\/div><\/a><\/div><\/div><div class=\"tcol-lg-12 tcol-md-12 tcol-sm-12 tcol-xs-12 tcol-ss-12 g_item\"><div class=\"grid_item kt_item_fade_in kad_gallery_fade_in gallery_item\"><a href=\"https:\/\/polititzacionsdelmalestar.org\/wp-content\/uploads\/2020\/03\/IMG_7574-1000.jpg\" data-rel=\"lightbox\" class=\"lightboxhover\"><div class=\"kt-intrinsic\" style=\"padding-bottom:100%;\"><div itemprop=\"image\" itemscope itemtype=\"https:\/\/schema.org\/ImageObject\"><img loading=\"lazy\" decoding=\"async\" width=\"560\" height=\"560\" src=\"https:\/\/polititzacionsdelmalestar.org\/wp-content\/uploads\/2020\/03\/IMG_7574-1000-560x560.jpg\" srcset=\"https:\/\/polititzacionsdelmalestar.org\/wp-content\/uploads\/2020\/03\/IMG_7574-1000-560x560.jpg 560w, https:\/\/polititzacionsdelmalestar.org\/wp-content\/uploads\/2020\/03\/IMG_7574-1000-150x150.jpg 150w\" sizes=\"auto, (max-width: 560px) 100vw, 560px\" data-caption=\"\" class=\"light-dropshaddow\" itemprop=\"contentUrl\" alt=\"\"><meta itemprop=\"url\" content=\"https:\/\/polititzacionsdelmalestar.org\/wp-content\/uploads\/2020\/03\/IMG_7574-1000-560x560.jpg\"><meta itemprop=\"width\" content=\"560px\"><meta itemprop=\"height\" content=\"560px\"><\/div><\/div><\/a><\/div><\/div><div class=\"tcol-lg-12 tcol-md-12 tcol-sm-12 tcol-xs-12 tcol-ss-12 g_item\"><div class=\"grid_item kt_item_fade_in kad_gallery_fade_in gallery_item\"><a href=\"https:\/\/polititzacionsdelmalestar.org\/wp-content\/uploads\/2020\/03\/IMG_7572-1000.jpg\" data-rel=\"lightbox\" class=\"lightboxhover\"><div class=\"kt-intrinsic\" style=\"padding-bottom:100%;\"><div itemprop=\"image\" itemscope itemtype=\"https:\/\/schema.org\/ImageObject\"><img loading=\"lazy\" decoding=\"async\" width=\"560\" height=\"560\" src=\"https:\/\/polititzacionsdelmalestar.org\/wp-content\/uploads\/2020\/03\/IMG_7572-1000-560x560.jpg\" srcset=\"https:\/\/polititzacionsdelmalestar.org\/wp-content\/uploads\/2020\/03\/IMG_7572-1000-560x560.jpg 560w, https:\/\/polititzacionsdelmalestar.org\/wp-content\/uploads\/2020\/03\/IMG_7572-1000-150x150.jpg 150w\" sizes=\"auto, (max-width: 560px) 100vw, 560px\" data-caption=\"\" class=\"light-dropshaddow\" itemprop=\"contentUrl\" alt=\"\"><meta itemprop=\"url\" content=\"https:\/\/polititzacionsdelmalestar.org\/wp-content\/uploads\/2020\/03\/IMG_7572-1000-560x560.jpg\"><meta itemprop=\"width\" content=\"560px\"><meta itemprop=\"height\" content=\"560px\"><\/div><\/div><\/a><\/div><\/div><\/div><\/div><\/div><\/div><\/div>","protected":false},"excerpt":{"rendered":"<h3><a href=\"https:\/\/polititzacionsdelmalestar.org\/2020\/03\/03\/una-florista-desobediente\/?lang=es\">Una florista desobediente<\/a><\/h3>\n<p>2018-19<br \/>\n<a href=\"https:\/\/polititzacionsdelmalestar.org\/2020\/03\/03\/olivera-tabeni-olga\/?lang=es\"><strong>Olga Olivera-Tabeni<\/strong><\/a><br \/>\n<br \/>\n<a href=\"https:\/\/polititzacionsdelmalestar.org\/temes\/activismo\/?lang=es\">Activismo<\/a>, <a href=\"https:\/\/polititzacionsdelmalestar.org\/temes\/cos\/?lang=es\">Cuerpo<\/a>, <a href=\"https:\/\/polititzacionsdelmalestar.org\/temes\/cura\/?lang=es\">Cuidado<\/a>, <a href=\"https:\/\/polititzacionsdelmalestar.org\/temes\/genere\/?lang=es\">G\u00e9nero<\/a>, <a href=\"https:\/\/polititzacionsdelmalestar.org\/temes\/identitat\/?lang=es\">Identidad<\/a>, <a href=\"https:\/\/polititzacionsdelmalestar.org\/temes\/malestar\/?lang=es\">Malestar<\/a>, <a href=\"https:\/\/polititzacionsdelmalestar.org\/temes\/memoria\/?lang=es\">Memoria<\/a>, <a href=\"https:\/\/polititzacionsdelmalestar.org\/temes\/natura\/?lang=es\">Naturaleza<\/a>, <a href=\"https:\/\/polititzacionsdelmalestar.org\/temes\/politica\/?lang=es\">Pol\u00edtica<\/a> y <a href=\"https:\/\/polititzacionsdelmalestar.org\/temes\/privacitat\/?lang=es\">Privacidad<\/a>.  <\/p>\n","protected":false},"author":3,"featured_media":10105,"comment_status":"closed","ping_status":"closed","sticky":false,"template":"","format":"standard","meta":{"footnotes":""},"categories":[144,137,136,149,174,150,135,172,155,156],"tags":[],"class_list":["post-10123","post","type-post","status-publish","format-standard","has-post-thumbnail","hentry","category-activisme-es","category-cos-es","category-cura-es","category-genere-es","category-identidad","category-malestar-es","category-memoria-es","category-naturaleza","category-politica-es","category-privacitat-es"],"_links":{"self":[{"href":"https:\/\/polititzacionsdelmalestar.org\/es\/wp-json\/wp\/v2\/posts\/10123","targetHints":{"allow":["GET"]}}],"collection":[{"href":"https:\/\/polititzacionsdelmalestar.org\/es\/wp-json\/wp\/v2\/posts"}],"about":[{"href":"https:\/\/polititzacionsdelmalestar.org\/es\/wp-json\/wp\/v2\/types\/post"}],"author":[{"embeddable":true,"href":"https:\/\/polititzacionsdelmalestar.org\/es\/wp-json\/wp\/v2\/users\/3"}],"replies":[{"embeddable":true,"href":"https:\/\/polititzacionsdelmalestar.org\/es\/wp-json\/wp\/v2\/comments?post=10123"}],"version-history":[{"count":11,"href":"https:\/\/polititzacionsdelmalestar.org\/es\/wp-json\/wp\/v2\/posts\/10123\/revisions"}],"predecessor-version":[{"id":10323,"href":"https:\/\/polititzacionsdelmalestar.org\/es\/wp-json\/wp\/v2\/posts\/10123\/revisions\/10323"}],"wp:featuredmedia":[{"embeddable":true,"href":"https:\/\/polititzacionsdelmalestar.org\/es\/wp-json\/wp\/v2\/media\/10105"}],"wp:attachment":[{"href":"https:\/\/polititzacionsdelmalestar.org\/es\/wp-json\/wp\/v2\/media?parent=10123"}],"wp:term":[{"taxonomy":"category","embeddable":true,"href":"https:\/\/polititzacionsdelmalestar.org\/es\/wp-json\/wp\/v2\/categories?post=10123"},{"taxonomy":"post_tag","embeddable":true,"href":"https:\/\/polititzacionsdelmalestar.org\/es\/wp-json\/wp\/v2\/tags?post=10123"}],"curies":[{"name":"wp","href":"https:\/\/api.w.org\/{rel}","templated":true}]}}