


{"id":10068,"date":"2020-03-03T11:32:02","date_gmt":"2020-03-03T11:32:02","guid":{"rendered":"https:\/\/polititzacionsdelmalestar.org\/?p=10068"},"modified":"2020-03-03T12:14:13","modified_gmt":"2020-03-03T12:14:13","slug":"sarajevo-tremulous-light-llums-tremoloses","status":"publish","type":"post","link":"https:\/\/polititzacionsdelmalestar.org\/es\/sarajevo-tremulous-light-llums-tremoloses\/","title":{"rendered":"Sarajevo. Tremulous light \/ Llums tremoloses"},"content":{"rendered":"<div id=\"pl-10068\"  class=\"panel-layout\" ><div id=\"pg-10068-0\"  class=\"panel-grid panel-no-style\" ><div id=\"pgc-10068-0-0\"  class=\"panel-grid-cell\" ><div id=\"panel-10068-0-0-0\" class=\"so-panel widget widget_virtue_gallery_widget virtue_gallery_widget panel-first-child\" data-index=\"0\" ><h3 class=\"widget-title\">Sarajevo. Tremulous light \/ Llums tremoloses<\/h3><div id=\"kad-wp-gallery926\" class=\"kad-wp-gallery gallery kt-gallery-column-1 init-isotope-intrinsic reinit-isotope kad-light-wp-gallery clearfix rowtight\" data-fade-in=\"1\" data-iso-selector=\".g_item\" data-iso-style=\"masonry\" data-iso-filter=\"false\"><div class=\"tcol-lg-12 tcol-md-12 tcol-sm-12 tcol-xs-12 tcol-ss-12 g_item\"><div class=\"grid_item kt_item_fade_in kad_gallery_fade_in gallery_item\"><a href=\"https:\/\/polititzacionsdelmalestar.org\/wp-content\/uploads\/2020\/03\/acciomemoria01-1000.jpg\" data-rel=\"lightbox\" class=\"lightboxhover\"><div class=\"kt-intrinsic\" style=\"padding-bottom:100%;\"><div itemprop=\"image\" itemscope itemtype=\"https:\/\/schema.org\/ImageObject\"><img loading=\"lazy\" decoding=\"async\" width=\"560\" height=\"560\" src=\"https:\/\/polititzacionsdelmalestar.org\/wp-content\/uploads\/2020\/03\/acciomemoria01-1000-560x560.jpg\" srcset=\"https:\/\/polititzacionsdelmalestar.org\/wp-content\/uploads\/2020\/03\/acciomemoria01-1000-560x560.jpg 560w, https:\/\/polititzacionsdelmalestar.org\/wp-content\/uploads\/2020\/03\/acciomemoria01-1000-150x150.jpg 150w, https:\/\/polititzacionsdelmalestar.org\/wp-content\/uploads\/2020\/03\/acciomemoria01-1000-730x730.jpg 730w, https:\/\/polititzacionsdelmalestar.org\/wp-content\/uploads\/2020\/03\/acciomemoria01-1000-365x365.jpg 365w\" sizes=\"auto, (max-width: 560px) 100vw, 560px\" data-caption=\"\" class=\"light-dropshaddow\" itemprop=\"contentUrl\" alt=\"\"><meta itemprop=\"url\" content=\"https:\/\/polititzacionsdelmalestar.org\/wp-content\/uploads\/2020\/03\/acciomemoria01-1000-560x560.jpg\"><meta itemprop=\"width\" content=\"560px\"><meta itemprop=\"height\" content=\"560px\"><\/div><\/div><\/a><\/div><\/div><\/div><\/div><div id=\"panel-10068-0-0-1\" class=\"so-panel widget widget_sow-editor panel-last-child\" data-index=\"1\" ><div\n\t\t\t\n\t\t\tclass=\"so-widget-sow-editor so-widget-sow-editor-base\"\n\t\t\t\n\t\t>\n<div class=\"siteorigin-widget-tinymce textwidget\">\n\t<p><span lang=\"CA\">2000-2015<\/span><\/p>\n<p>Desarrollado en el momento en que la Guerra de Bosnia (que hab\u00eda estallado el 6 de abril de 1992) deja de ocupar las primeras llanuras de los informativos y Enric Maur\u00ed decide hacer una estancia en la ciudad. El origen del conflicto ten\u00eda tres componentes esenciales: disputas territoriales, ideol\u00f3gicas y religiosas ancladas al final de la guerra fr\u00eda y la ca\u00edda del comunismo del que hab\u00eda sido la antigua Yugoslavia. Los Acuerdos de Dayton, firmados a Par\u00eds el 14 de diciembre de 1995, ponen fin en la guerra, en \u00e9l se inclu\u00edan aspectos militares, establecimiento de fronteras y de derechos humanos. Hubo cerca de 100.000 v\u00edctimas entre civiles y militares y 1,8 millones de desplazados. El 83% de las v\u00edctimas civiles eran bosnias.<\/p>\n<p>Con el tiempo, tal como el mundo se ha ido configurando, el conflicto de Sarajevo ha ido adquiriendo una nueva significaci\u00f3n. La historia apela a una reflexi\u00f3n sobre c\u00f3mo se articulan y qu\u00e9 estabilidad tienen los acuerdos de paz que ponen fin a los conflictos armados.<\/p>\n<p>El proyecto trata de indagar y zambullirse en el interior de quienes lo vivieron y en su capacidad de superar la barbarie, el futuro incierto y las ausencias, despu\u00e9s del conflicto. Una aproximaci\u00f3n \u00edntima y reflexiva a trav\u00e9s de la c\u00e1mara, con la que entrevista a sordo-mudos o graba el recorrido desde dentro (el retrato de la normalidad del d\u00eda a d\u00eda en las calles que hab\u00edan sido asediados) afuera de la ciudad (hasta las monta\u00f1as donde hab\u00eda apostados los francos-tiradores). Y s\u00b4enriquece con las visiones y experiencias de testigos que han vivido el conflicto en primera persona y tambi\u00e9n con las performances en lugares claves.<\/p>\n<h4>Recorrido del proyecto. \u00bfD\u00f3nde se encuentra la obra?<\/h4>\n<p>Este proyecto se ha expuesto en diferentes formatos en: Artssantam\u00f2nica\u00a0(7.2, comisariado por Montse Badia y a Tecnologies de la Viol\u00e8ncia comisariado por\u00a0Piedad\u00a0Solans), en el\u00a0Centro\u00a0de arte\u00a0Joven\u00a0de la Comunitat de Madrid, Madrid; en el Museu de Granollers y en el Festival d'Hivern de Sarajevo.<\/p>\n<p>El material est\u00e0 en el almacen del artista.<\/p>\n<\/div>\n<\/div><\/div><\/div><div id=\"pgc-10068-0-1\"  class=\"panel-grid-cell\" ><div id=\"panel-10068-0-1-0\" class=\"so-panel widget widget_sow-editor panel-first-child\" data-index=\"2\" ><div\n\t\t\t\n\t\t\tclass=\"so-widget-sow-editor so-widget-sow-editor-base\"\n\t\t\t\n\t\t>\n<div class=\"siteorigin-widget-tinymce textwidget\">\n\t<h5><a href=\"https:\/\/polititzacionsdelmalestar.org\/2020\/03\/02\/mauri-enric\/?lang=es\"><span lang=\"CA\">Enric Maur\u00ed<\/span><\/a><\/h5>\n<h4><\/h4>\n<h4>Palabras clave<\/h4>\n<p><span lang=\"CA\"><a href=\"https:\/\/polititzacionsdelmalestar.org\/temes\/activismo\/?lang=es\">Activismo<\/a>, <a href=\"https:\/\/polititzacionsdelmalestar.org\/temes\/cos\/?lang=es\">Cuerpo<\/a>,\u00a0<a href=\"https:\/\/polititzacionsdelmalestar.org\/temes\/malestar\/?lang=es\">Malestar<\/a>, <a href=\"https:\/\/polititzacionsdelmalestar.org\/temes\/performance\/?lang=es\">Performance<\/a>, <a href=\"https:\/\/polititzacionsdelmalestar.org\/temes\/politica\/?lang=es&quot;\">Pol\u00edtica<\/a> y <a href=\"https:\/\/polititzacionsdelmalestar.org\/temes\/violencia\/?lang=es\">Violencia<\/a>.<\/span><\/p>\n<div><\/div>\n<div class=\"titol-galeria\">Fotos del proyecto<\/div>\n<\/div>\n<\/div><\/div><div id=\"panel-10068-0-1-1\" class=\"so-panel widget widget_virtue_gallery_widget virtue_gallery_widget panel-last-child\" data-index=\"3\" ><div id=\"kad-wp-gallery811\" class=\"kad-wp-gallery gallery kt-gallery-column-1 init-isotope-intrinsic reinit-isotope kad-light-wp-gallery clearfix rowtight\" data-fade-in=\"1\" data-iso-selector=\".g_item\" data-iso-style=\"masonry\" data-iso-filter=\"false\"><div class=\"tcol-lg-12 tcol-md-12 tcol-sm-12 tcol-xs-12 tcol-ss-12 g_item\"><div class=\"grid_item kt_item_fade_in kad_gallery_fade_in gallery_item\"><a href=\"https:\/\/polititzacionsdelmalestar.org\/wp-content\/uploads\/2020\/03\/barri-Alipasino-Polje-sarajevo1000.jpg\" data-rel=\"lightbox\" class=\"lightboxhover\"><div class=\"kt-intrinsic\" style=\"padding-bottom:100%;\"><div itemprop=\"image\" itemscope itemtype=\"https:\/\/schema.org\/ImageObject\"><img loading=\"lazy\" decoding=\"async\" width=\"560\" height=\"560\" src=\"https:\/\/polititzacionsdelmalestar.org\/wp-content\/uploads\/2020\/03\/barri-Alipasino-Polje-sarajevo1000-560x560.jpg\" srcset=\"https:\/\/polititzacionsdelmalestar.org\/wp-content\/uploads\/2020\/03\/barri-Alipasino-Polje-sarajevo1000-560x560.jpg 560w, https:\/\/polititzacionsdelmalestar.org\/wp-content\/uploads\/2020\/03\/barri-Alipasino-Polje-sarajevo1000-150x150.jpg 150w\" sizes=\"auto, (max-width: 560px) 100vw, 560px\" data-caption=\"\" class=\"light-dropshaddow\" itemprop=\"contentUrl\" alt=\"\"><meta itemprop=\"url\" content=\"https:\/\/polititzacionsdelmalestar.org\/wp-content\/uploads\/2020\/03\/barri-Alipasino-Polje-sarajevo1000-560x560.jpg\"><meta itemprop=\"width\" content=\"560px\"><meta itemprop=\"height\" content=\"560px\"><\/div><\/div><\/a><\/div><\/div><div class=\"tcol-lg-12 tcol-md-12 tcol-sm-12 tcol-xs-12 tcol-ss-12 g_item\"><div class=\"grid_item kt_item_fade_in kad_gallery_fade_in gallery_item\"><a href=\"https:\/\/polititzacionsdelmalestar.org\/wp-content\/uploads\/2020\/03\/barri-antic-de-Sarajevo1000.jpg\" data-rel=\"lightbox\" class=\"lightboxhover\"><div class=\"kt-intrinsic\" style=\"padding-bottom:100%;\"><div itemprop=\"image\" itemscope itemtype=\"https:\/\/schema.org\/ImageObject\"><img loading=\"lazy\" decoding=\"async\" width=\"560\" height=\"560\" src=\"https:\/\/polititzacionsdelmalestar.org\/wp-content\/uploads\/2020\/03\/barri-antic-de-Sarajevo1000-560x560.jpg\" srcset=\"https:\/\/polititzacionsdelmalestar.org\/wp-content\/uploads\/2020\/03\/barri-antic-de-Sarajevo1000-560x560.jpg 560w, https:\/\/polititzacionsdelmalestar.org\/wp-content\/uploads\/2020\/03\/barri-antic-de-Sarajevo1000-150x150.jpg 150w\" sizes=\"auto, (max-width: 560px) 100vw, 560px\" data-caption=\"\" class=\"light-dropshaddow\" itemprop=\"contentUrl\" alt=\"\"><meta itemprop=\"url\" content=\"https:\/\/polititzacionsdelmalestar.org\/wp-content\/uploads\/2020\/03\/barri-antic-de-Sarajevo1000-560x560.jpg\"><meta itemprop=\"width\" content=\"560px\"><meta itemprop=\"height\" content=\"560px\"><\/div><\/div><\/a><\/div><\/div><div class=\"tcol-lg-12 tcol-md-12 tcol-sm-12 tcol-xs-12 tcol-ss-12 g_item\"><div class=\"grid_item kt_item_fade_in kad_gallery_fade_in gallery_item\"><a href=\"https:\/\/polititzacionsdelmalestar.org\/wp-content\/uploads\/2020\/03\/en-paralel1000.jpg\" data-rel=\"lightbox\" class=\"lightboxhover\"><div class=\"kt-intrinsic\" style=\"padding-bottom:100%;\"><div itemprop=\"image\" itemscope itemtype=\"https:\/\/schema.org\/ImageObject\"><img loading=\"lazy\" decoding=\"async\" width=\"560\" height=\"560\" src=\"https:\/\/polititzacionsdelmalestar.org\/wp-content\/uploads\/2020\/03\/en-paralel1000-560x560.jpg\" srcset=\"https:\/\/polititzacionsdelmalestar.org\/wp-content\/uploads\/2020\/03\/en-paralel1000-560x560.jpg 560w, https:\/\/polititzacionsdelmalestar.org\/wp-content\/uploads\/2020\/03\/en-paralel1000-150x150.jpg 150w\" sizes=\"auto, (max-width: 560px) 100vw, 560px\" data-caption=\"\" class=\"light-dropshaddow\" itemprop=\"contentUrl\" alt=\"\"><meta itemprop=\"url\" content=\"https:\/\/polititzacionsdelmalestar.org\/wp-content\/uploads\/2020\/03\/en-paralel1000-560x560.jpg\"><meta itemprop=\"width\" content=\"560px\"><meta itemprop=\"height\" content=\"560px\"><\/div><\/div><\/a><\/div><\/div><div class=\"tcol-lg-12 tcol-md-12 tcol-sm-12 tcol-xs-12 tcol-ss-12 g_item\"><div class=\"grid_item kt_item_fade_in kad_gallery_fade_in gallery_item\"><a href=\"https:\/\/polititzacionsdelmalestar.org\/wp-content\/uploads\/2020\/03\/trajecte-paralel-al-riu-Miljacka1000.jpg\" data-rel=\"lightbox\" class=\"lightboxhover\"><div class=\"kt-intrinsic\" style=\"padding-bottom:100%;\"><div itemprop=\"image\" itemscope itemtype=\"https:\/\/schema.org\/ImageObject\"><img loading=\"lazy\" decoding=\"async\" width=\"560\" height=\"560\" src=\"https:\/\/polititzacionsdelmalestar.org\/wp-content\/uploads\/2020\/03\/trajecte-paralel-al-riu-Miljacka1000-560x560.jpg\" srcset=\"https:\/\/polititzacionsdelmalestar.org\/wp-content\/uploads\/2020\/03\/trajecte-paralel-al-riu-Miljacka1000-560x560.jpg 560w, https:\/\/polititzacionsdelmalestar.org\/wp-content\/uploads\/2020\/03\/trajecte-paralel-al-riu-Miljacka1000-150x150.jpg 150w\" sizes=\"auto, (max-width: 560px) 100vw, 560px\" data-caption=\"\" class=\"light-dropshaddow\" itemprop=\"contentUrl\" alt=\"\"><meta itemprop=\"url\" content=\"https:\/\/polititzacionsdelmalestar.org\/wp-content\/uploads\/2020\/03\/trajecte-paralel-al-riu-Miljacka1000-560x560.jpg\"><meta itemprop=\"width\" content=\"560px\"><meta itemprop=\"height\" content=\"560px\"><\/div><\/div><\/a><\/div><\/div><\/div><\/div><\/div><\/div><\/div>","protected":false},"excerpt":{"rendered":"<h3><a href=\"https:\/\/polititzacionsdelmalestar.org\/2020\/03\/03\/sarajevo-tremulous-light-llums-tremoloses\/?lang=es\">Sarajevo. Tremulous light \/ Llums tremoloses<\/a><\/h3>\n<p>2010-15<br \/>\n<a href=\"https:\/\/polititzacionsdelmalestar.org\/2020\/03\/02\/mauri-enric\/?lang=es\"><strong>Enric Maur\u00ed<\/strong><\/a><br \/>\n<br \/>\n<a href=\"https:\/\/polititzacionsdelmalestar.org\/temes\/activismo\/?lang=es\">Activismo<\/a>, <a href=\"https:\/\/polititzacionsdelmalestar.org\/temes\/cos\/?lang=es\">Cuerpo<\/a>, <a href=\"http:\/\/polititzacionsdelmalestar.org\/temes\/malestar\/?lang=es\">Malestar<\/a>, <a href=\"https:\/\/polititzacionsdelmalestar.org\/temes\/performance\/?lang=es\">Performance<\/a>, <a href=\"http:\/\/polititzacionsdelmalestar.org\/temes\/politica\/?lang=es\">Pol\u00edtica<\/a> y <a href=\"https:\/\/polititzacionsdelmalestar.org\/temes\/violencia\/?lang=es\">Violencia<\/a> <\/p>\n","protected":false},"author":3,"featured_media":10071,"comment_status":"closed","ping_status":"closed","sticky":false,"template":"","format":"standard","meta":{"footnotes":""},"categories":[144,137,150,154,155,160],"tags":[],"class_list":["post-10068","post","type-post","status-publish","format-standard","has-post-thumbnail","hentry","category-activisme-es","category-cos-es","category-malestar-es","category-performance-es","category-politica-es","category-violencia-es"],"_links":{"self":[{"href":"https:\/\/polititzacionsdelmalestar.org\/es\/wp-json\/wp\/v2\/posts\/10068","targetHints":{"allow":["GET"]}}],"collection":[{"href":"https:\/\/polititzacionsdelmalestar.org\/es\/wp-json\/wp\/v2\/posts"}],"about":[{"href":"https:\/\/polititzacionsdelmalestar.org\/es\/wp-json\/wp\/v2\/types\/post"}],"author":[{"embeddable":true,"href":"https:\/\/polititzacionsdelmalestar.org\/es\/wp-json\/wp\/v2\/users\/3"}],"replies":[{"embeddable":true,"href":"https:\/\/polititzacionsdelmalestar.org\/es\/wp-json\/wp\/v2\/comments?post=10068"}],"version-history":[{"count":10,"href":"https:\/\/polititzacionsdelmalestar.org\/es\/wp-json\/wp\/v2\/posts\/10068\/revisions"}],"predecessor-version":[{"id":10102,"href":"https:\/\/polititzacionsdelmalestar.org\/es\/wp-json\/wp\/v2\/posts\/10068\/revisions\/10102"}],"wp:featuredmedia":[{"embeddable":true,"href":"https:\/\/polititzacionsdelmalestar.org\/es\/wp-json\/wp\/v2\/media\/10071"}],"wp:attachment":[{"href":"https:\/\/polititzacionsdelmalestar.org\/es\/wp-json\/wp\/v2\/media?parent=10068"}],"wp:term":[{"taxonomy":"category","embeddable":true,"href":"https:\/\/polititzacionsdelmalestar.org\/es\/wp-json\/wp\/v2\/categories?post=10068"},{"taxonomy":"post_tag","embeddable":true,"href":"https:\/\/polititzacionsdelmalestar.org\/es\/wp-json\/wp\/v2\/tags?post=10068"}],"curies":[{"name":"wp","href":"https:\/\/api.w.org\/{rel}","templated":true}]}}