


{"id":10044,"date":"2020-03-02T16:36:20","date_gmt":"2020-03-02T16:36:20","guid":{"rendered":"https:\/\/polititzacionsdelmalestar.org\/?p=10044"},"modified":"2020-03-03T12:34:33","modified_gmt":"2020-03-03T12:34:33","slug":"la-gran-fiesta-o-esto-no-es-una-crisis-esto-es-una-estafa","status":"publish","type":"post","link":"https:\/\/polititzacionsdelmalestar.org\/es\/la-gran-fiesta-o-esto-no-es-una-crisis-esto-es-una-estafa\/","title":{"rendered":"La gran fiesta o Esto no es una crisis, esto es una estafa"},"content":{"rendered":"<div id=\"pl-10044\"  class=\"panel-layout\" ><div id=\"pg-10044-0\"  class=\"panel-grid panel-no-style\" ><div id=\"pgc-10044-0-0\"  class=\"panel-grid-cell\" ><div id=\"panel-10044-0-0-0\" class=\"so-panel widget widget_virtue_gallery_widget virtue_gallery_widget panel-first-child\" data-index=\"0\" ><h3 class=\"widget-title\">La gran fiesta o Esto no es una crisis, esto es una estafa<\/h3><div id=\"kad-wp-gallery458\" class=\"kad-wp-gallery gallery kt-gallery-column-1 init-isotope-intrinsic reinit-isotope kad-light-wp-gallery clearfix rowtight\" data-fade-in=\"1\" data-iso-selector=\".g_item\" data-iso-style=\"masonry\" data-iso-filter=\"false\"><div class=\"tcol-lg-12 tcol-md-12 tcol-sm-12 tcol-xs-12 tcol-ss-12 g_item\"><div class=\"grid_item kt_item_fade_in kad_gallery_fade_in gallery_item\"><a href=\"https:\/\/polititzacionsdelmalestar.org\/wp-content\/uploads\/2020\/03\/imatge-de-la-performance31000.jpg\" data-rel=\"lightbox\" class=\"lightboxhover\"><div class=\"kt-intrinsic\" style=\"padding-bottom:100%;\"><div itemprop=\"image\" itemscope itemtype=\"https:\/\/schema.org\/ImageObject\"><img loading=\"lazy\" decoding=\"async\" width=\"560\" height=\"560\" src=\"https:\/\/polititzacionsdelmalestar.org\/wp-content\/uploads\/2020\/03\/imatge-de-la-performance31000-560x560.jpg\" srcset=\"https:\/\/polititzacionsdelmalestar.org\/wp-content\/uploads\/2020\/03\/imatge-de-la-performance31000-560x560.jpg 560w, https:\/\/polititzacionsdelmalestar.org\/wp-content\/uploads\/2020\/03\/imatge-de-la-performance31000-150x150.jpg 150w, https:\/\/polititzacionsdelmalestar.org\/wp-content\/uploads\/2020\/03\/imatge-de-la-performance31000-365x365.jpg 365w\" sizes=\"auto, (max-width: 560px) 100vw, 560px\" data-caption=\"\" class=\"light-dropshaddow\" itemprop=\"contentUrl\" alt=\"\"><meta itemprop=\"url\" content=\"https:\/\/polititzacionsdelmalestar.org\/wp-content\/uploads\/2020\/03\/imatge-de-la-performance31000-560x560.jpg\"><meta itemprop=\"width\" content=\"560px\"><meta itemprop=\"height\" content=\"560px\"><\/div><\/div><\/a><\/div><\/div><\/div><\/div><div id=\"panel-10044-0-0-1\" class=\"so-panel widget widget_sow-editor panel-last-child\" data-index=\"1\" ><div\n\t\t\t\n\t\t\tclass=\"so-widget-sow-editor so-widget-sow-editor-base\"\n\t\t\t\n\t\t>\n<div class=\"siteorigin-widget-tinymce textwidget\">\n\t<p><span lang=\"CA\">2010-2015<\/span><\/p>\n<p>El proyecto tiene como punto de partida la situaci\u00f3n socio-econ\u00f3mica actual, la manera como esta crisis nos ha afectado y afecta a cada uno de nosotros. Es el resultado de una reflexi\u00f3n abierta, horizontal y participada, a partir de la aceleraci\u00f3n y desaceleraci\u00f3n que han sufrido los ritmos de la econom\u00eda desde finales del siglo XX hasta la actualidad. En consecuencia, alcanza todos los \u00e1mbitos de la vida: trabajo, relaciones sociales, cultura, etc.<\/p>\n<p>El 2010 se hace un llamamiento a trav\u00e9s de las redes sociales con la intenci\u00f3n de buscar e identificar personas interesadas a colaborar en las acciones posteriores. Un primer grupo de voluntarios que participan en el proyecto expresan como la crisis los ha afectado, qu\u00e9 cambios han operado en sus vidas respectivas y, a la vez, aportan opiniones de car\u00e1cter m\u00e1s generalista sobre la crisis. Los testigos an\u00f3nimos se recogen en un texto metraje. Y otros participantes aceptan el formato entrevista para expresar abiertamente su opini\u00f3n.<\/p>\n<p>A trav\u00e9s de una investigaci\u00f3n importante en los medios de comunicaci\u00f3n, trasladada a unos banderines, se incorpora el estado de euforia econ\u00f3mica previa a los or\u00edgenes de la crisis y se muestra como el poder se vanagloriaba del \u00e9xito, a pesar de la crecida de operaciones financieras de gran riesgo que han puesto entre las cuerdas la econom\u00eda mundial.<\/p>\n<h4>Recorrido del proyecto. \u00bfD\u00f3nde se encuentra la obra?<\/h4>\n<p>En el estudio del artista.<\/p>\n<p>Este proyecto ha ido a: Centre d\u2019art, La Rectoria, de Sant Pere de Vilamajor y a ACVic, Centre d\u2019Arts Contempor\u00e0nies, Vic.<\/p>\n<\/div>\n<\/div><\/div><\/div><div id=\"pgc-10044-0-1\"  class=\"panel-grid-cell\" ><div id=\"panel-10044-0-1-0\" class=\"so-panel widget widget_sow-editor panel-first-child\" data-index=\"2\" ><div\n\t\t\t\n\t\t\tclass=\"so-widget-sow-editor so-widget-sow-editor-base\"\n\t\t\t\n\t\t>\n<div class=\"siteorigin-widget-tinymce textwidget\">\n\t<h5><a href=\"https:\/\/polititzacionsdelmalestar.org\/2020\/03\/02\/mauri-enric\/?lang=es\"><span lang=\"CA\">Enric Maur\u00ed<\/span><\/a><\/h5>\n<h4><\/h4>\n<h4>Palabras clave<\/h4>\n<p><span lang=\"CA\"><a href=\"https:\/\/polititzacionsdelmalestar.org\/temes\/activismo\/?lang=es\">Activismo<\/a>, <a href=\"https:\/\/polititzacionsdelmalestar.org\/temes\/art-public\/?lang=es\">Arte p\u00fablico<\/a>, <a href=\"https:\/\/polititzacionsdelmalestar.org\/temes\/espai-public\/?lang=es\">Espacio p\u00fablico<\/a>,\u00a0<a href=\"https:\/\/polititzacionsdelmalestar.org\/temes\/malestar\/?lang=es\">Malestar<\/a>, <a href=\"https:\/\/polititzacionsdelmalestar.org\/temes\/performance\/?lang=es\">Performance<\/a>, <a href=\"https:\/\/polititzacionsdelmalestar.org\/temes\/politica\/?lang=es&quot;\">Pol\u00edtica<\/a> y <a href=\"https:\/\/polititzacionsdelmalestar.org\/temes\/processos-collaboratius\/?lang=es\">Procesos colaborativos<\/a>.<\/span><\/p>\n<h4><\/h4>\n<h4>Documentos <em>media<\/em><\/h4>\n<p><a href=\"https:\/\/www.youtube.com\/watch?v=0xY8b_nSvhE&amp;list=LLtoPegyIMVKCFH0g7K3OulA&amp;index=2\"><em><span lang=\"CA\">Entrevistas: \"La gran festa\" aix\u00f2 no \u00e9s una crisi, aix\u00f2 \u00e9s una estafa\u00a0<\/span>- YouTube<\/em><\/a><\/p>\n<p><a href=\"https:\/\/www.youtube.com\/watch?v=I8U4vOzylK0&amp;feature=youtu.be\"><em><span lang=\"CA\">\"Aportaciones\" del proyecto \"la gran festa\" de Enric Maur\u00ed - YouTube<\/span><\/em><\/a><\/p>\n<div><\/div>\n<div class=\"titol-galeria\">Fotos del proyecto<\/div>\n<\/div>\n<\/div><\/div><div id=\"panel-10044-0-1-1\" class=\"so-panel widget widget_virtue_gallery_widget virtue_gallery_widget panel-last-child\" data-index=\"3\" ><div id=\"kad-wp-gallery538\" class=\"kad-wp-gallery gallery kt-gallery-column-1 init-isotope-intrinsic reinit-isotope kad-light-wp-gallery clearfix rowtight\" data-fade-in=\"1\" data-iso-selector=\".g_item\" data-iso-style=\"masonry\" data-iso-filter=\"false\"><div class=\"tcol-lg-12 tcol-md-12 tcol-sm-12 tcol-xs-12 tcol-ss-12 g_item\"><div class=\"grid_item kt_item_fade_in kad_gallery_fade_in gallery_item\"><a href=\"https:\/\/polititzacionsdelmalestar.org\/wp-content\/uploads\/2020\/03\/imatge-festa21000.jpg\" data-rel=\"lightbox\" class=\"lightboxhover\"><div class=\"kt-intrinsic\" style=\"padding-bottom:100%;\"><div itemprop=\"image\" itemscope itemtype=\"https:\/\/schema.org\/ImageObject\"><img loading=\"lazy\" decoding=\"async\" width=\"560\" height=\"560\" src=\"https:\/\/polititzacionsdelmalestar.org\/wp-content\/uploads\/2020\/03\/imatge-festa21000-560x560.jpg\" srcset=\"https:\/\/polititzacionsdelmalestar.org\/wp-content\/uploads\/2020\/03\/imatge-festa21000-560x560.jpg 560w, https:\/\/polititzacionsdelmalestar.org\/wp-content\/uploads\/2020\/03\/imatge-festa21000-150x150.jpg 150w\" sizes=\"auto, (max-width: 560px) 100vw, 560px\" data-caption=\"\" class=\"light-dropshaddow\" itemprop=\"contentUrl\" alt=\"\"><meta itemprop=\"url\" content=\"https:\/\/polititzacionsdelmalestar.org\/wp-content\/uploads\/2020\/03\/imatge-festa21000-560x560.jpg\"><meta itemprop=\"width\" content=\"560px\"><meta itemprop=\"height\" content=\"560px\"><\/div><\/div><\/a><\/div><\/div><div class=\"tcol-lg-12 tcol-md-12 tcol-sm-12 tcol-xs-12 tcol-ss-12 g_item\"><div class=\"grid_item kt_item_fade_in kad_gallery_fade_in gallery_item\"><a href=\"https:\/\/polititzacionsdelmalestar.org\/wp-content\/uploads\/2020\/03\/vistes-de-la-instalacio1000.jpg\" data-rel=\"lightbox\" class=\"lightboxhover\"><div class=\"kt-intrinsic\" style=\"padding-bottom:100%;\"><div itemprop=\"image\" itemscope itemtype=\"https:\/\/schema.org\/ImageObject\"><img loading=\"lazy\" decoding=\"async\" width=\"560\" height=\"560\" src=\"https:\/\/polititzacionsdelmalestar.org\/wp-content\/uploads\/2020\/03\/vistes-de-la-instalacio1000-560x560.jpg\" srcset=\"https:\/\/polititzacionsdelmalestar.org\/wp-content\/uploads\/2020\/03\/vistes-de-la-instalacio1000-560x560.jpg 560w, https:\/\/polititzacionsdelmalestar.org\/wp-content\/uploads\/2020\/03\/vistes-de-la-instalacio1000-150x150.jpg 150w\" sizes=\"auto, (max-width: 560px) 100vw, 560px\" data-caption=\"\" class=\"light-dropshaddow\" itemprop=\"contentUrl\" alt=\"\"><meta itemprop=\"url\" content=\"https:\/\/polititzacionsdelmalestar.org\/wp-content\/uploads\/2020\/03\/vistes-de-la-instalacio1000-560x560.jpg\"><meta itemprop=\"width\" content=\"560px\"><meta itemprop=\"height\" content=\"560px\"><\/div><\/div><\/a><\/div><\/div><div class=\"tcol-lg-12 tcol-md-12 tcol-sm-12 tcol-xs-12 tcol-ss-12 g_item\"><div class=\"grid_item kt_item_fade_in kad_gallery_fade_in gallery_item\"><a href=\"https:\/\/polititzacionsdelmalestar.org\/wp-content\/uploads\/2020\/03\/vistes-del-mercat-alternatiu1000.jpg\" data-rel=\"lightbox\" class=\"lightboxhover\"><div class=\"kt-intrinsic\" style=\"padding-bottom:100%;\"><div itemprop=\"image\" itemscope itemtype=\"https:\/\/schema.org\/ImageObject\"><img loading=\"lazy\" decoding=\"async\" width=\"560\" height=\"560\" src=\"https:\/\/polititzacionsdelmalestar.org\/wp-content\/uploads\/2020\/03\/vistes-del-mercat-alternatiu1000-560x560.jpg\" srcset=\"https:\/\/polititzacionsdelmalestar.org\/wp-content\/uploads\/2020\/03\/vistes-del-mercat-alternatiu1000-560x560.jpg 560w, https:\/\/polititzacionsdelmalestar.org\/wp-content\/uploads\/2020\/03\/vistes-del-mercat-alternatiu1000-150x150.jpg 150w\" sizes=\"auto, (max-width: 560px) 100vw, 560px\" data-caption=\"\" class=\"light-dropshaddow\" itemprop=\"contentUrl\" alt=\"\"><meta itemprop=\"url\" content=\"https:\/\/polititzacionsdelmalestar.org\/wp-content\/uploads\/2020\/03\/vistes-del-mercat-alternatiu1000-560x560.jpg\"><meta itemprop=\"width\" content=\"560px\"><meta itemprop=\"height\" content=\"560px\"><\/div><\/div><\/a><\/div><\/div><\/div><\/div><\/div><\/div><\/div>","protected":false},"excerpt":{"rendered":"<h3><a href=\"https:\/\/polititzacionsdelmalestar.org\/2020\/03\/02\/la-gran-fiesta-o-esto-no-es-una-crisis-esto-es-una-estafa\/?lang=es\">\u201cLa gran fiesta\u201d o Esto no es una crisis, esto es una estafa<\/a><\/h3>\n<p>2010-15<br \/>\n<a href=\"https:\/\/polititzacionsdelmalestar.org\/2020\/03\/02\/mauri-enric\/?lang=es\"><strong>Enric Maur\u00ed<\/strong><\/a><br \/>\n<br \/>\n<a href=\"https:\/\/polititzacionsdelmalestar.org\/temes\/activismo\/?lang=es\">Activismo<\/a>, <a href=\"https:\/\/polititzacionsdelmalestar.org\/temes\/art-public\/?lang=es\">Arte p\u00fablico<\/a>, <a href=\"http:\/\/polititzacionsdelmalestar.org\/temes\/malestar\/?lang=es\">Malestar<\/a>, <a href=\"https:\/\/polititzacionsdelmalestar.org\/temes\/performance\/?lang=es\">Performance<\/a>, <a href=\"http:\/\/polititzacionsdelmalestar.org\/temes\/politica\/?lang=es\">Pol\u00edtica<\/a> y <a href=\"https:\/\/polititzacionsdelmalestar.org\/temes\/processos-collaboratius\/?lang=es\">Procesos colaborativos<\/a> <\/p>\n","protected":false},"author":3,"featured_media":10047,"comment_status":"closed","ping_status":"closed","sticky":false,"template":"","format":"standard","meta":{"footnotes":""},"categories":[144,142,145,150,154,155,158],"tags":[],"class_list":["post-10044","post","type-post","status-publish","format-standard","has-post-thumbnail","hentry","category-activisme-es","category-art-public-es","category-espai-public-es","category-malestar-es","category-performance-es","category-politica-es","category-processos-collaboratius-es"],"_links":{"self":[{"href":"https:\/\/polititzacionsdelmalestar.org\/es\/wp-json\/wp\/v2\/posts\/10044","targetHints":{"allow":["GET"]}}],"collection":[{"href":"https:\/\/polititzacionsdelmalestar.org\/es\/wp-json\/wp\/v2\/posts"}],"about":[{"href":"https:\/\/polititzacionsdelmalestar.org\/es\/wp-json\/wp\/v2\/types\/post"}],"author":[{"embeddable":true,"href":"https:\/\/polititzacionsdelmalestar.org\/es\/wp-json\/wp\/v2\/users\/3"}],"replies":[{"embeddable":true,"href":"https:\/\/polititzacionsdelmalestar.org\/es\/wp-json\/wp\/v2\/comments?post=10044"}],"version-history":[{"count":10,"href":"https:\/\/polititzacionsdelmalestar.org\/es\/wp-json\/wp\/v2\/posts\/10044\/revisions"}],"predecessor-version":[{"id":10122,"href":"https:\/\/polititzacionsdelmalestar.org\/es\/wp-json\/wp\/v2\/posts\/10044\/revisions\/10122"}],"wp:featuredmedia":[{"embeddable":true,"href":"https:\/\/polititzacionsdelmalestar.org\/es\/wp-json\/wp\/v2\/media\/10047"}],"wp:attachment":[{"href":"https:\/\/polititzacionsdelmalestar.org\/es\/wp-json\/wp\/v2\/media?parent=10044"}],"wp:term":[{"taxonomy":"category","embeddable":true,"href":"https:\/\/polititzacionsdelmalestar.org\/es\/wp-json\/wp\/v2\/categories?post=10044"},{"taxonomy":"post_tag","embeddable":true,"href":"https:\/\/polititzacionsdelmalestar.org\/es\/wp-json\/wp\/v2\/tags?post=10044"}],"curies":[{"name":"wp","href":"https:\/\/api.w.org\/{rel}","templated":true}]}}