


{"id":10008,"date":"2020-03-02T15:16:30","date_gmt":"2020-03-02T15:16:30","guid":{"rendered":"https:\/\/polititzacionsdelmalestar.org\/?p=10008"},"modified":"2020-03-02T16:03:15","modified_gmt":"2020-03-02T16:03:15","slug":"que-es-para-usted-el-arte","status":"publish","type":"post","link":"https:\/\/polititzacionsdelmalestar.org\/es\/que-es-para-usted-el-arte\/","title":{"rendered":"\u00bfQu\u00e9 es para usted el arte?"},"content":{"rendered":"<div id=\"pl-10008\"  class=\"panel-layout\" ><div id=\"pg-10008-0\"  class=\"panel-grid panel-no-style\" ><div id=\"pgc-10008-0-0\"  class=\"panel-grid-cell\" ><div id=\"panel-10008-0-0-0\" class=\"so-panel widget widget_virtue_gallery_widget virtue_gallery_widget panel-first-child\" data-index=\"0\" ><h3 class=\"widget-title\">\u00bfQu\u00e9 es para usted el arte?<\/h3><div id=\"kad-wp-gallery334\" class=\"kad-wp-gallery gallery kt-gallery-column-1 init-isotope-intrinsic reinit-isotope kad-light-wp-gallery clearfix rowtight\" data-fade-in=\"1\" data-iso-selector=\".g_item\" data-iso-style=\"masonry\" data-iso-filter=\"false\"><div class=\"tcol-lg-12 tcol-md-12 tcol-sm-12 tcol-xs-12 tcol-ss-12 g_item\"><div class=\"grid_item kt_item_fade_in kad_gallery_fade_in gallery_item\"><a href=\"https:\/\/polititzacionsdelmalestar.org\/wp-content\/uploads\/2020\/03\/imatges-installacio1000.jpg\" data-rel=\"lightbox\" class=\"lightboxhover\"><div class=\"kt-intrinsic\" style=\"padding-bottom:100%;\"><div itemprop=\"image\" itemscope itemtype=\"https:\/\/schema.org\/ImageObject\"><img loading=\"lazy\" decoding=\"async\" width=\"560\" height=\"560\" src=\"https:\/\/polititzacionsdelmalestar.org\/wp-content\/uploads\/2020\/03\/imatges-installacio1000-560x560.jpg\" srcset=\"https:\/\/polititzacionsdelmalestar.org\/wp-content\/uploads\/2020\/03\/imatges-installacio1000-560x560.jpg 560w, https:\/\/polititzacionsdelmalestar.org\/wp-content\/uploads\/2020\/03\/imatges-installacio1000-150x150.jpg 150w, https:\/\/polititzacionsdelmalestar.org\/wp-content\/uploads\/2020\/03\/imatges-installacio1000-365x365.jpg 365w\" sizes=\"auto, (max-width: 560px) 100vw, 560px\" data-caption=\"\" class=\"light-dropshaddow\" itemprop=\"contentUrl\" alt=\"\"><meta itemprop=\"url\" content=\"https:\/\/polititzacionsdelmalestar.org\/wp-content\/uploads\/2020\/03\/imatges-installacio1000-560x560.jpg\"><meta itemprop=\"width\" content=\"560px\"><meta itemprop=\"height\" content=\"560px\"><\/div><\/div><\/a><\/div><\/div><\/div><\/div><div id=\"panel-10008-0-0-1\" class=\"so-panel widget widget_sow-editor panel-last-child\" data-index=\"1\" ><div\n\t\t\t\n\t\t\tclass=\"so-widget-sow-editor so-widget-sow-editor-base\"\n\t\t\t\n\t\t>\n<div class=\"siteorigin-widget-tinymce textwidget\">\n\t<p><span lang=\"CA\">2010<\/span><\/p>\n<p>El proyecto se inspira en una acci\u00f3n realizada por Enric Maur\u00ed en 1993, que consisti\u00f3 en realizar llamadas telef\u00f3nicas de manera aleatoria, haciendo la pregunta \u00bfqu\u00e9 es para usted el arte?. Con el tiempo, aquella acci\u00f3n ha tomado renovado inter\u00e9s en las nuevas relaciones entre el sector y la sociedad a principios del siglo XXI y el artista retoma esta inocente pregunta en una nueva acci\u00f3n.<br \/>\nEn el nuevo proyecto, Maur\u00ed incorpora la idea de Pierre Bourdieu que \"la opini\u00f3n no existe\", entendiendo que es un instrumento de acci\u00f3n pol\u00edtica. Y el mes de marzo de 2010 hace una acci\u00f3n que consist\u00eda en preguntar Qu\u00e9 es por usted el arte?, a peatones por diferentes zonas de la ciudad de Granollers (300 personas de entre 14 y 87 a\u00f1os). Se graban en video las respuestas y se elaboran unos gr\u00e1ficos a partir de muestras de opini\u00f3n que incluyen variables independientes y relacionadas, como por ejemplo la edad, la profesi\u00f3n, los or\u00edgenes, las ideolog\u00edas, el g\u00e9nero y desde diferentes criterios como el gusto, la trascendencia, la presencia o la implicaci\u00f3n.<\/p>\n<p>El proyecto incorpora, adem\u00e1s, la manifestaci\u00f3n como mecanismo hist\u00f3rico de reivindicaci\u00f3n de los grupos sociales. As\u00ed, se introdujo a un grupo de alumnos de bachillerato del Instituto Carles Vallbona de Granollers, en la mec\u00e1nica de la manifestaci\u00f3n.<\/p>\n<h4>Recorrido del proyecto. \u00bfD\u00f3nde se encuentra la obra?<\/h4>\n<p><span lang=\"CA\">Proyecto seleccionado en Rodalies3. Expuesto en Espai d\u2019Art, Roca Umbert, Granollers. La obra est\u00e0 en su almacen.<\/span><\/p>\n<\/div>\n<\/div><\/div><\/div><div id=\"pgc-10008-0-1\"  class=\"panel-grid-cell\" ><div id=\"panel-10008-0-1-0\" class=\"so-panel widget widget_sow-editor panel-first-child\" data-index=\"2\" ><div\n\t\t\t\n\t\t\tclass=\"so-widget-sow-editor so-widget-sow-editor-base\"\n\t\t\t\n\t\t>\n<div class=\"siteorigin-widget-tinymce textwidget\">\n\t<h5><a href=\"https:\/\/polititzacionsdelmalestar.org\/2020\/03\/02\/mauri-enric\/?lang=es\"><span lang=\"CA\">Enric Maur\u00ed<\/span><\/a><\/h5>\n<h4><\/h4>\n<h4>Palabras clave<\/h4>\n<p><span lang=\"CA\"><a href=\"https:\/\/polititzacionsdelmalestar.org\/temes\/activismo\/?lang=es\">Activismo<\/a>, <\/span><a href=\"https:\/\/polititzacionsdelmalestar.org\/temes\/art-public\/?lang=es\">Arte p\u00fablico<\/a>, <a href=\"https:\/\/polititzacionsdelmalestar.org\/temes\/comunicacio\/?lang=es\">Comunicaci\u00f3n<\/a> y <a href=\"https:\/\/polititzacionsdelmalestar.org\/temes\/processos-collaboratius\/?lang=es\">Procesos colaborativos<\/a><\/p>\n<h4><\/h4>\n<h4>Documentos <em>media<\/em><\/h4>\n<p><a href=\"https:\/\/www.youtube.com\/watch?v=hGWqad6O_-8&amp;list=PL9QmOz0ABZ1FLd8K1t8jl7gJOFkonV5Xg&amp;index=14&amp;t=0s\"><em>Qu\u00e8 \u00e9s per vost\u00e8 l\u2019art de Enric Maur\u00ed - YouTube<\/em><\/a><\/p>\n<h4><\/h4>\n<div class=\"titol-galeria\">Fotos del proyecto<\/div>\n<\/div>\n<\/div><\/div><div id=\"panel-10008-0-1-1\" class=\"so-panel widget widget_virtue_gallery_widget virtue_gallery_widget panel-last-child\" data-index=\"3\" ><div id=\"kad-wp-gallery730\" class=\"kad-wp-gallery gallery kt-gallery-column-1 init-isotope-intrinsic reinit-isotope kad-light-wp-gallery clearfix rowtight\" data-fade-in=\"1\" data-iso-selector=\".g_item\" data-iso-style=\"masonry\" data-iso-filter=\"false\"><div class=\"tcol-lg-12 tcol-md-12 tcol-sm-12 tcol-xs-12 tcol-ss-12 g_item\"><div class=\"grid_item kt_item_fade_in kad_gallery_fade_in gallery_item\"><a href=\"https:\/\/polititzacionsdelmalestar.org\/wp-content\/uploads\/2020\/03\/la-manifestacio1000-1.jpg\" data-rel=\"lightbox\" class=\"lightboxhover\"><div class=\"kt-intrinsic\" style=\"padding-bottom:100%;\"><div itemprop=\"image\" itemscope itemtype=\"https:\/\/schema.org\/ImageObject\"><img loading=\"lazy\" decoding=\"async\" width=\"560\" height=\"560\" src=\"https:\/\/polititzacionsdelmalestar.org\/wp-content\/uploads\/2020\/03\/la-manifestacio1000-1-560x560.jpg\" srcset=\"https:\/\/polititzacionsdelmalestar.org\/wp-content\/uploads\/2020\/03\/la-manifestacio1000-1-560x560.jpg 560w, https:\/\/polititzacionsdelmalestar.org\/wp-content\/uploads\/2020\/03\/la-manifestacio1000-1-150x150.jpg 150w\" sizes=\"auto, (max-width: 560px) 100vw, 560px\" data-caption=\"\" class=\"light-dropshaddow\" itemprop=\"contentUrl\" alt=\"\"><meta itemprop=\"url\" content=\"https:\/\/polititzacionsdelmalestar.org\/wp-content\/uploads\/2020\/03\/la-manifestacio1000-1-560x560.jpg\"><meta itemprop=\"width\" content=\"560px\"><meta itemprop=\"height\" content=\"560px\"><\/div><\/div><\/a><\/div><\/div><div class=\"tcol-lg-12 tcol-md-12 tcol-sm-12 tcol-xs-12 tcol-ss-12 g_item\"><div class=\"grid_item kt_item_fade_in kad_gallery_fade_in gallery_item\"><a href=\"https:\/\/polititzacionsdelmalestar.org\/wp-content\/uploads\/2020\/03\/treballant-la-manifestacio1000-1.jpg\" data-rel=\"lightbox\" class=\"lightboxhover\"><div class=\"kt-intrinsic\" style=\"padding-bottom:100%;\"><div itemprop=\"image\" itemscope itemtype=\"https:\/\/schema.org\/ImageObject\"><img loading=\"lazy\" decoding=\"async\" width=\"560\" height=\"560\" src=\"https:\/\/polititzacionsdelmalestar.org\/wp-content\/uploads\/2020\/03\/treballant-la-manifestacio1000-1-560x560.jpg\" srcset=\"https:\/\/polititzacionsdelmalestar.org\/wp-content\/uploads\/2020\/03\/treballant-la-manifestacio1000-1-560x560.jpg 560w, https:\/\/polititzacionsdelmalestar.org\/wp-content\/uploads\/2020\/03\/treballant-la-manifestacio1000-1-150x150.jpg 150w\" sizes=\"auto, (max-width: 560px) 100vw, 560px\" data-caption=\"\" class=\"light-dropshaddow\" itemprop=\"contentUrl\" alt=\"\"><meta itemprop=\"url\" content=\"https:\/\/polititzacionsdelmalestar.org\/wp-content\/uploads\/2020\/03\/treballant-la-manifestacio1000-1-560x560.jpg\"><meta itemprop=\"width\" content=\"560px\"><meta itemprop=\"height\" content=\"560px\"><\/div><\/div><\/a><\/div><\/div><\/div><\/div><\/div><\/div><\/div>","protected":false},"excerpt":{"rendered":"<h3><a href=\"https:\/\/polititzacionsdelmalestar.org\/2020\/03\/02\/que-es-para-usted-el-arte\/?lang=es\">\u00bfQu\u00e9 es para usted el arte?<\/a><\/h3>\n<p>1998<br \/>\n<a href=\"https:\/\/polititzacionsdelmalestar.org\/2020\/03\/02\/mauri-enric\/?lang=es\"><strong>Enric Maur\u00ed<\/strong><\/a><br \/>\n<br \/>\n<a href=\"https:\/\/polititzacionsdelmalestar.org\/temes\/activismo\/?lang=es\">Activismo<\/a>, <a href=\"https:\/\/polititzacionsdelmalestar.org\/temes\/art-public\/?lang=es\">Arte p\u00fablico<\/a>, <a href=\"https:\/\/polititzacionsdelmalestar.org\/temes\/comunicacio\/?lang=es\">Comunicaci\u00f3n<\/a>, y <a href=\"https:\/\/polititzacionsdelmalestar.org\/temes\/processos-collaboratius\/?lang=es\">Procesos colaborativos<\/a> <\/p>\n","protected":false},"author":3,"featured_media":10011,"comment_status":"closed","ping_status":"closed","sticky":false,"template":"","format":"standard","meta":{"footnotes":""},"categories":[144,142,140,158],"tags":[],"class_list":["post-10008","post","type-post","status-publish","format-standard","has-post-thumbnail","hentry","category-activisme-es","category-art-public-es","category-comunicacio-es","category-processos-collaboratius-es"],"_links":{"self":[{"href":"https:\/\/polititzacionsdelmalestar.org\/es\/wp-json\/wp\/v2\/posts\/10008","targetHints":{"allow":["GET"]}}],"collection":[{"href":"https:\/\/polititzacionsdelmalestar.org\/es\/wp-json\/wp\/v2\/posts"}],"about":[{"href":"https:\/\/polititzacionsdelmalestar.org\/es\/wp-json\/wp\/v2\/types\/post"}],"author":[{"embeddable":true,"href":"https:\/\/polititzacionsdelmalestar.org\/es\/wp-json\/wp\/v2\/users\/3"}],"replies":[{"embeddable":true,"href":"https:\/\/polititzacionsdelmalestar.org\/es\/wp-json\/wp\/v2\/comments?post=10008"}],"version-history":[{"count":9,"href":"https:\/\/polititzacionsdelmalestar.org\/es\/wp-json\/wp\/v2\/posts\/10008\/revisions"}],"predecessor-version":[{"id":10043,"href":"https:\/\/polititzacionsdelmalestar.org\/es\/wp-json\/wp\/v2\/posts\/10008\/revisions\/10043"}],"wp:featuredmedia":[{"embeddable":true,"href":"https:\/\/polititzacionsdelmalestar.org\/es\/wp-json\/wp\/v2\/media\/10011"}],"wp:attachment":[{"href":"https:\/\/polititzacionsdelmalestar.org\/es\/wp-json\/wp\/v2\/media?parent=10008"}],"wp:term":[{"taxonomy":"category","embeddable":true,"href":"https:\/\/polititzacionsdelmalestar.org\/es\/wp-json\/wp\/v2\/categories?post=10008"},{"taxonomy":"post_tag","embeddable":true,"href":"https:\/\/polititzacionsdelmalestar.org\/es\/wp-json\/wp\/v2\/tags?post=10008"}],"curies":[{"name":"wp","href":"https:\/\/api.w.org\/{rel}","templated":true}]}}