


{"id":10001,"date":"2020-03-02T14:51:05","date_gmt":"2020-03-02T14:51:05","guid":{"rendered":"https:\/\/polititzacionsdelmalestar.org\/?p=10001"},"modified":"2020-03-03T14:55:55","modified_gmt":"2020-03-03T14:55:55","slug":"mauri-enric","status":"publish","type":"post","link":"https:\/\/polititzacionsdelmalestar.org\/es\/mauri-enric\/","title":{"rendered":"Maur\u00ed, Enric"},"content":{"rendered":"<div id=\"pl-10001\"  class=\"panel-layout\" ><div id=\"pg-10001-0\"  class=\"panel-grid panel-no-style\" ><div id=\"pgc-10001-0-0\"  class=\"panel-grid-cell\" ><div id=\"panel-10001-0-0-0\" class=\"so-panel widget widget_sow-editor panel-first-child panel-last-child\" data-index=\"0\" ><div\n\t\t\t\n\t\t\tclass=\"so-widget-sow-editor so-widget-sow-editor-base\"\n\t\t\t\n\t\t><h3 class=\"widget-title\">Enric Maur\u00ed<\/h3>\n<div class=\"siteorigin-widget-tinymce textwidget\">\n\t<\/div>\n<\/div><\/div><\/div><\/div><div id=\"pg-10001-1\"  class=\"panel-grid panel-no-style\" ><div id=\"pgc-10001-1-0\"  class=\"panel-grid-cell\" ><div id=\"panel-10001-1-0-0\" class=\"so-panel widget widget_sow-editor panel-first-child\" data-index=\"1\" ><div\n\t\t\t\n\t\t\tclass=\"so-widget-sow-editor so-widget-sow-editor-base\"\n\t\t\t\n\t\t>\n<div class=\"siteorigin-widget-tinymce textwidget\">\n\t<p><img loading=\"lazy\" decoding=\"async\" class=\"size-medium wp-image-9990\" src=\"https:\/\/polititzacionsdelmalestar.org\/wp-content\/uploads\/2020\/03\/Secuencia01-1000-300x219.jpg\" alt=\"\" width=\"300\" height=\"219\" srcset=\"https:\/\/polititzacionsdelmalestar.org\/wp-content\/uploads\/2020\/03\/Secuencia01-1000-300x219.jpg 300w, https:\/\/polititzacionsdelmalestar.org\/wp-content\/uploads\/2020\/03\/Secuencia01-1000-768x561.jpg 768w, https:\/\/polititzacionsdelmalestar.org\/wp-content\/uploads\/2020\/03\/Secuencia01-1000-728x532.jpg 728w, https:\/\/polititzacionsdelmalestar.org\/wp-content\/uploads\/2020\/03\/Secuencia01-1000-364x266.jpg 364w, https:\/\/polititzacionsdelmalestar.org\/wp-content\/uploads\/2020\/03\/Secuencia01-1000-520x380.jpg 520w, https:\/\/polititzacionsdelmalestar.org\/wp-content\/uploads\/2020\/03\/Secuencia01-1000-260x190.jpg 260w, https:\/\/polititzacionsdelmalestar.org\/wp-content\/uploads\/2020\/03\/Secuencia01-1000.jpg 1000w\" sizes=\"auto, (max-width: 300px) 100vw, 300px\" \/><\/p>\n<h5><a href=\"https:\/\/polititzacionsdelmalestar.org\/2020\/03\/02\/lifes-rounds\/?lang=es\"><span lang=\"EN-US\">Life's Rounds<\/span><\/a><\/h5>\n<p>2002<br \/>\n<a href=\"https:\/\/polititzacionsdelmalestar.org\/temes\/activismo\/?lang=es\">Activismo<\/a>, <a href=\"https:\/\/polititzacionsdelmalestar.org\/temes\/cos\/?lang=es\">Cuerpo<\/a>, <a href=\"https:\/\/polititzacionsdelmalestar.org\/temes\/malestar\/?lang=es\">Malestar<\/a>, <a href=\"https:\/\/polititzacionsdelmalestar.org\/temes\/performance\/?lang=es\">Performance<\/a>, <a href=\"https:\/\/polititzacionsdelmalestar.org\/temes\/politica\/?lang=es%22\">Pol\u00edtica<\/a>\u00a0y <a href=\"https:\/\/polititzacionsdelmalestar.org\/temes\/violencia\/?lang=es\">Violencia<\/a><\/p>\n<\/div>\n<\/div><\/div><div id=\"panel-10001-1-0-1\" class=\"so-panel widget widget_sow-editor panel-last-child\" data-index=\"2\" ><div\n\t\t\t\n\t\t\tclass=\"so-widget-sow-editor so-widget-sow-editor-base\"\n\t\t\t\n\t\t>\n<div class=\"siteorigin-widget-tinymce textwidget\">\n\t<p>El Fou, Cardedeu, Barcelona, 13-12-1957.<\/p>\n<p>En las tres \u00faltimas d\u00e9cadas ha participado en la creaci\u00f3n de revistas y espacios y tambi\u00e9n comisariado. Trabaja en diferentes medios y hace un uso libre de los lenguajes. Su obra se articula a trav\u00e9s de interrogar e interrogarse como mecanismo de debate y pensamiento.<\/p>\n<p>Resumen exposiciones: Museo de Arte, Girona; Centro de Arte Santa M\u00f2nica, Barcelona; Espacio de Arte Roca Umbert, Granollers; Museo Abell\u00f3, Mollet del Vall\u00e8s; El Rosal, Lleida; Centro de arte La Vicar\u00eda de Sant Pere de Vilamajor Sala de Exposiciones de la Facultad de BBAA, Barcelona; ACVIC, Vic; 72 Gallery, EE. UU.; Axe Actuel, Tolosa; Studio oggetto, Italia; G. Artual, G. Balaguer, H\u2082O, Eude, G.A.Barnola, G.44 de Barcelona ha participado en \"25hrs Arte Foundation Festival Internacional de Video\", Barcelona y Londres; \"Le Sur Attaque\", Sette, Francia; \"Bienal Internacional de Cannes\"; \"Festival de invierno de Sarajevo\", Loop 2014 \/ 15..,Panor\u00e1mico, Granollers. Ha participado a las ferias de Arco de Madrid, Art Basel de Basilea, de Vari, Italia, Contemporary Arte fair, Londres; Es autor de dos instal\u00b7lacions p\u00fablicas permanentes en Barcelona: Metamem\u00f2ria y \"Bon Viatge\".<\/p>\n<p><a href=\"http:\/\/enricmauri.blogspot.com\/\"><span lang=\"CA\">P\u00e1gina web de Enric Maur\u00ed<\/span><\/a><\/p>\n<\/div>\n<\/div><\/div><\/div><div id=\"pgc-10001-1-1\"  class=\"panel-grid-cell\" ><div id=\"panel-10001-1-1-0\" class=\"so-panel widget widget_sow-editor panel-first-child\" data-index=\"3\" ><div\n\t\t\t\n\t\t\tclass=\"so-widget-sow-editor so-widget-sow-editor-base\"\n\t\t\t\n\t\t>\n<div class=\"siteorigin-widget-tinymce textwidget\">\n\t<p><img loading=\"lazy\" decoding=\"async\" class=\"alignnone size-medium wp-image-10026\" src=\"https:\/\/polititzacionsdelmalestar.org\/wp-content\/uploads\/2020\/03\/imatges-installacio1000-1-300x200.jpg\" alt=\"\" width=\"300\" height=\"200\" srcset=\"https:\/\/polititzacionsdelmalestar.org\/wp-content\/uploads\/2020\/03\/imatges-installacio1000-1-300x200.jpg 300w, https:\/\/polititzacionsdelmalestar.org\/wp-content\/uploads\/2020\/03\/imatges-installacio1000-1-768x512.jpg 768w, https:\/\/polititzacionsdelmalestar.org\/wp-content\/uploads\/2020\/03\/imatges-installacio1000-1-272x182.jpg 272w, https:\/\/polititzacionsdelmalestar.org\/wp-content\/uploads\/2020\/03\/imatges-installacio1000-1.jpg 1000w\" sizes=\"auto, (max-width: 300px) 100vw, 300px\" \/><\/p>\n<h5><span lang=\"EN-US\">\u00bfQu\u00e9 es para usted el arte?<\/span><\/h5>\n<p>2010<br \/>\n<a href=\"https:\/\/polititzacionsdelmalestar.org\/temes\/activismo\/?lang=es\">Activismo<\/a>, <a href=\"https:\/\/polititzacionsdelmalestar.org\/temes\/art-public\/?lang=es\">Arte p\u00fablico<\/a>, <a href=\"https:\/\/polititzacionsdelmalestar.org\/temes\/comunicacio\/?lang=es\">Comunicaci\u00f3n<\/a> y <a href=\"https:\/\/polititzacionsdelmalestar.org\/temes\/processos-collaboratius\/?lang=es\">Procesos colaborativos<\/a><\/p>\n<\/div>\n<\/div><\/div><div id=\"panel-10001-1-1-1\" class=\"so-panel widget widget_sow-editor panel-last-child\" data-index=\"4\" ><div\n\t\t\t\n\t\t\tclass=\"so-widget-sow-editor so-widget-sow-editor-base\"\n\t\t\t\n\t\t>\n<div class=\"siteorigin-widget-tinymce textwidget\">\n\t<p><strong>Nota<\/strong><br \/>\nEsta es una selecci\u00f3n de las obras del autor que se enmarcan en los conceptos de Politizaciones del malestar.<\/p>\n<h4><\/h4>\n<p><strong>Otros proyectos<\/strong><\/p>\n<p><a href=\"https:\/\/polititzacionsdelmalestar.org\/2020\/03\/02\/la-gran-fiesta-o-esto-no-es-una-crisis-esto-es-una-estafa\/?lang=es\">\u201cLa gran fiesta\u201d o Esto no es una crisis, esto es una estafa<\/a><\/p>\n<p><a href=\"https:\/\/polititzacionsdelmalestar.org\/2020\/03\/03\/sarajevo-tremulous-light-llums-tremoloses\/?lang=es\">Sarajevo.\u00a0Tremulous\u00a0light \/ Llums tremoloses<\/a><\/p>\n<\/div>\n<\/div><\/div><\/div><\/div><\/div>","protected":false},"excerpt":{"rendered":"<h5><a href=\"https:\/\/polititzacionsdelmalestar.org\/2020\/03\/02\/mauri-enric\/?lang=es\">Enric Maur\u00ed<\/a><\/h5>\n<li><a href=\"https:\/\/polititzacionsdelmalestar.org\/2020\/03\/02\/la-gran-fiesta-o-esto-no-es-una-crisis-esto-es-una-estafa\/?lang=es\">\u201cLa gran fiesta\u201d o Esto no es una crisis, esto es una estafa<\/a>, 2010-15<\/li>\n<li><a href=\"https:\/\/polititzacionsdelmalestar.org\/2020\/03\/02\/lifes-rounds\/?lang=es\">Life&#8217;s Rounds<\/a>, 2002<\/li>\n<li><a href=\"https:\/\/polititzacionsdelmalestar.org\/2020\/03\/02\/que-es-para-usted-el-arte\/?lang=es\">\u00bfQu\u00e9 es para usted el arte?<\/a>, 2011<\/li>\n<li><a href=\"https:\/\/polititzacionsdelmalestar.org\/2020\/03\/03\/sarajevo-tremulous-light-llums-tremoloses\/?lang=es\">Sarajevo. Tremulous light \/ Llums tremoloses<\/a>, 2000-2015<\/li>\n","protected":false},"author":3,"featured_media":0,"comment_status":"closed","ping_status":"open","sticky":false,"template":"","format":"standard","meta":{"footnotes":""},"categories":[82],"tags":[],"class_list":["post-10001","post","type-post","status-publish","format-standard","hentry","category-autores"],"_links":{"self":[{"href":"https:\/\/polititzacionsdelmalestar.org\/es\/wp-json\/wp\/v2\/posts\/10001","targetHints":{"allow":["GET"]}}],"collection":[{"href":"https:\/\/polititzacionsdelmalestar.org\/es\/wp-json\/wp\/v2\/posts"}],"about":[{"href":"https:\/\/polititzacionsdelmalestar.org\/es\/wp-json\/wp\/v2\/types\/post"}],"author":[{"embeddable":true,"href":"https:\/\/polititzacionsdelmalestar.org\/es\/wp-json\/wp\/v2\/users\/3"}],"replies":[{"embeddable":true,"href":"https:\/\/polititzacionsdelmalestar.org\/es\/wp-json\/wp\/v2\/comments?post=10001"}],"version-history":[{"count":10,"href":"https:\/\/polititzacionsdelmalestar.org\/es\/wp-json\/wp\/v2\/posts\/10001\/revisions"}],"predecessor-version":[{"id":10144,"href":"https:\/\/polititzacionsdelmalestar.org\/es\/wp-json\/wp\/v2\/posts\/10001\/revisions\/10144"}],"wp:attachment":[{"href":"https:\/\/polititzacionsdelmalestar.org\/es\/wp-json\/wp\/v2\/media?parent=10001"}],"wp:term":[{"taxonomy":"category","embeddable":true,"href":"https:\/\/polititzacionsdelmalestar.org\/es\/wp-json\/wp\/v2\/categories?post=10001"},{"taxonomy":"post_tag","embeddable":true,"href":"https:\/\/polititzacionsdelmalestar.org\/es\/wp-json\/wp\/v2\/tags?post=10001"}],"curies":[{"name":"wp","href":"https:\/\/api.w.org\/{rel}","templated":true}]}}